
{"id":91206,"date":"2024-02-28T18:32:54","date_gmt":"2024-02-28T17:32:54","guid":{"rendered":"https:\/\/ms-contentfactory.srv.vocento.in\/contentfactorylocal\/?p=91206"},"modified":"2024-03-07T16:11:15","modified_gmt":"2024-03-07T15:11:15","slug":"en-el-grupo-erum-apostamos-por-el-talento-y-la-capacidad-de-cada-persona","status":"publish","type":"post","link":"\/content-local\/en-el-grupo-erum-apostamos-por-el-talento-y-la-capacidad-de-cada-persona\/","title":{"rendered":"En el Grupo ERUM apostamos por el talento y la capacidad de cada persona"},"content":{"rendered":"<p>[vc_row el_class=\u00bbcol-1-1 tablet-col-1-1&#8243;][vc_column el_class=\u00bbcol-1-1 tablet-col-1-1&#8243;]\n        <div class='fullimg principal'>\n            <div class='tituloemergente'>\n                <div class='grid grid-pad'>\n                    <a class='open-btn close-nav quees' href=''>\n                        <span class='p-content'>GRUPO ERUM<\/span>\n                    <\/a>\n                    <h1><strong>En el Grupo ERUM apostamos por el talento y la capacidad de cada persona<\/strong><p><span style=\"font-size: medium\">Entrevista con <\/span><span style=\"font-size: medium\">Coral Erum, CEO para Asia y Am\u00e9rica del Grupo Erum<\/span><span style=\"font-size: medium\">\u00a0y consejera delegada de la Corporaci\u00f3n Erum<\/span><\/p><\/h1>\n                <\/div>\n            <\/div>\n        <figure class='videoPrincipal'><img src='\/content-local\/wp-content\/uploads\/sites\/10\/2024\/02\/descarga-10.png'><\/figure><\/div>[\/vc_column][\/vc_row][vc_row centrar=\u00bbtrue\u00bb el_class=\u00bbgrid grid-pad\u00bb][vc_column el_class=\u00bbcol-1-1 tablet-col-1-1&#8243;]<div class='firmaRRSS '>\n       <div class='info'><address class='firmaAutor' data-autor='EXTRA'> EXTRA<\/address><time class='publicacion'>\n         28 febrero, 2024 - 18:32<\/time><\/div>\n           <div class='compartir'><p>Compartir<\/p><ul>\n                <li class='facebook'>\n                            <a href='https:\/\/www.facebook.com\/sharer\/sharer.php?u=https:\/\/lasprovincias.es\/content-local\/en-el-grupo-erum-apostamos-por-el-talento-y-la-capacidad-de-cada-persona\/' class='bcl-compartir-fb' data-voc-vtm-id='compartirrrss' data-voc-vtm-info='facebook' target='_blank' title='Compartelo en Facebook' rel='nofollow'>\n                        <i class='facebook'><\/i>\n                    <\/a>\n                <\/li><li class='twitter'>\n                    <a href='https:\/\/twitter.com\/intent\/tweet?text=https:\/\/lasprovincias.es\/content-local\/en-el-grupo-erum-apostamos-por-el-talento-y-la-capacidad-de-cada-persona\/' class='bcl-compartir-tw twitter' data-voc-vtm-id='compartirrrss' data-voc-vtm-info='twitter' target='_blank' title='Compartelo en Twitter' rel='nofollow'>\n                        <i class='twitter'><\/i>\n                    <\/a>\n                <\/li><li class='whatsapp'>\n                    <a href='whatsapp:\/\/send?text=https:\/\/lasprovincias.es\/content-local\/en-el-grupo-erum-apostamos-por-el-talento-y-la-capacidad-de-cada-persona\/' data-voc-vtm-id='compartirrrss' data-voc-vtm-info='whatsapp' class='whatsapp' target='_blank' title='Compartelo en whatsapp' rel='nofollow'>\n                        <i class='whatsapp'><\/i>\n                    <\/a>\n                <\/li>\n    \n    <\/ul><\/div><\/div>[\/vc_column][\/vc_row][vc_row centrar=\u00bbtrue\u00bb el_class=\u00bbgrid grid-pad\u00bb][vc_column el_class=\u00bbcol-10-12 tablet-col-1-1&#8243;]<p class=\"parrafocount\">Coral Erum es la CEO para Asia y Am\u00e9rica del <a href=\"https:\/\/erumgroup.com\/\" target=\"_blank\" rel=\"noopener\">Grupo Erum<\/a> y consejera delegada de la Corporaci\u00f3n Erum, forma parte de la cuarta generaci\u00f3n al frente de la empresa.<\/p><p class='parrafocount'><p class='parrafocount'>El Grupo Erum es una corporaci\u00f3n internacional, con 85 a\u00f1os de historia y m\u00e1s de 3.000 empleados, opera en m\u00faltiples sectores, como la producci\u00f3n industrial con eco pl\u00e1stico, reciclado y reciclable, para el sector textil, la cosm\u00e9tica, la alimentaci\u00f3n o la industria de la automoci\u00f3n; la <a href=\"https:\/\/erumgroup.com\/rts\/\" target=\"_blank\" rel=\"noopener\">econom\u00eda circular colaborativa<\/a>, la gesti\u00f3n de residuos y la asesor\u00eda medioambiental, las energ\u00edas limpias mediante sistemas agrovoltaicos o la innovaci\u00f3n en <a href=\"https:\/\/erumgroup.com\/erum-vial\/\" target=\"_blank\" rel=\"noopener\">seguridad vial.<\/a><\/p><p class='parrafocount'><p class='parrafocount'>Coral ha ascendido desde roles b\u00e1sicos hasta su posici\u00f3n actual, donde lidera iniciativas centradas en la sostenibilidad y la responsabilidad social. Dirige equipos en Am\u00e9rica y Asia, gestionando procesos de fabricaci\u00f3n en diferentes pa\u00edses y adapt\u00e1ndolos a los valores de la empresa. Adem\u00e1s, supervisa el plan estrat\u00e9gico, implementa estrategias ASG y dirige programas de econom\u00eda circular, como RTS, que recupera materiales en m\u00e1s de 70 pa\u00edses. Coral tambi\u00e9n participa activamente en instituciones, asociaciones y universidades.<\/p><p class='parrafocount'><p class='parrafocount'><strong>-\u00bfC\u00f3mo ha sido tu experiencia y trayectoria hasta alcanzar tu puesto actual, dificultades encontradas vs manos tendidas?<\/strong><\/p><p class='parrafocount'><p class='parrafocount'>-Mi experiencia hasta alcanzar mi posici\u00f3n actual ha sido de constante crecimiento y aprendizaje. Comenc\u00e9 en la empresa desde muy joven con la suerte de poder trabajar con la segunda y tercera generaci\u00f3n, mientras simult\u00e1neamente recib\u00eda formaci\u00f3n para comprender todos los aspectos del negocio. Esta experiencia temprana me permiti\u00f3 adquirir conocimientos en distintas \u00e1reas como finanzas y comercializaci\u00f3n, entre otras, gracias al apoyo recibido por de excelentes profesionales.<\/p><p class='parrafocount'><p class='parrafocount'>Trabajar en empresas localizadas en distintos pa\u00edses fue fundamental para mi desarrollo, ya que me brind\u00f3 una perspectiva m\u00e1s amplia y enriquecedora. Despu\u00e9s de adquirir experiencia en diferentes \u00e1reas e ir completando mi formaci\u00f3n acad\u00e9mica, lleg\u00f3 el momento de determinar c\u00f3mo la cuarta generaci\u00f3n pod\u00eda conseguir nuevos hitos en la empresa. La uni\u00f3n con mis hermanos en la gesti\u00f3n ha sido un factor clave para mantener la estabilidad y la visi\u00f3n a largo plazo del proyecto.<\/p><p class='parrafocount'><p class='parrafocount'>Por supuesto, en el camino me he enfrentado a diversas dificultades. Trabajar en pa\u00edses con culturas y situaciones coyunturales distintas ha representado un desaf\u00edo, pero siempre he contado con el apoyo incondicional de mi familia personal y empresarial.<\/p><p class='parrafocount'><p class='parrafocount'>Ahora, me encuentro en un momento maduro, en el que me gustar\u00eda contribuir al crecimiento y desarrollo de aquellos que est\u00e1n dando sus primeros pasos en el mundo empresarial, tal como recib\u00ed apoyo yo en mis inicios.<\/p><p class='parrafocount'><p class='parrafocount'><strong>-\u00bfCu\u00e1l consideras que ha sido tu mayor \u00e9xito empresarial?<\/strong><\/p><p class='parrafocount'><p class='parrafocount'>-Haber sido capaz de tomar el relevo generacional para llevar la compa\u00f1\u00eda a una nueva era empresarial. Estamos impulsando la diversificaci\u00f3n y la internacionalizaci\u00f3n de la compa\u00f1\u00eda, lo que nos ha servido para el desarrollo de nuevas \u00e1reas, como la <a href=\"https:\/\/ledone.eco\/\" target=\"_blank\" rel=\"noopener\">tecnolog\u00eda vial conectada<\/a>, la <a href=\"https:\/\/powerfultree.com\/\" target=\"_blank\" rel=\"noopener\">tecnolog\u00eda agrovoltaicos<\/a> o la <a href=\"https:\/\/www.acteco.es\/\" target=\"_blank\" rel=\"noopener\">asesor\u00eda medioambiental<\/a>, y el establecimiento de colaboraciones y alianzas estrat\u00e9gicas, como la recientemente creaci\u00f3n de ITC Erum Packaging para el mercado de Marruecos.<\/p><p class='parrafocount'><p class='parrafocount'><strong>-\u00bfPuedes compartir una situaci\u00f3n compleja a resolver y c\u00f3mo lo solucionaste, as\u00ed como qu\u00e9 aprendizaje obtuviste?<\/strong><\/p><p class='parrafocount'><p class='parrafocount'>-Recuerdo mis inicios como responsable de Asia, cuando deb\u00edamos poner en marcha un ambicioso proyecto de industrializaci\u00f3n para fabricar accesorios textiles en India y Bangladesh. Me encontr\u00e9 en situaciones donde no era habitual que dos personas de diferente g\u00e9nero pudieran mantener una conversaci\u00f3n sin un intermediario, o incluso mirarse a los ojos en la misma.<\/p><p class='parrafocount'><p class='parrafocount'><\/p>[vc_single_image image=\u00bb92970&#8243; img_size=\u00bblarge\u00bb]<p class=\"parrafocount\">En estas situaciones es muy importante el desarrollo de las sociedades, junto a la empat\u00eda, el respeto y el conocimiento de culturas y costumbres, sin renunciar a los valores que tiene uno mismo. Gracias a todo ello, la situaci\u00f3n actual ha cambiado y ha evolucionado.<\/p><p class='parrafocount'><p class='parrafocount'>Como CEO, tambi\u00e9n he tenido que superar situaciones complicadas derivadas de las tensiones internacionales, crisis econ\u00f3micas, o la misma pandemia. Siempre buscando en tiempo r\u00e9cord alternativas para dar una soluci\u00f3n a los clientes.<\/p><p class='parrafocount'><p class='parrafocount'>En el Grupo Erum no dejamos a nadie fuera, por eso nuestro lema es Distintas culturas, mismos valores, mismas oportunidades.<\/p><p class='parrafocount'><p class='parrafocount'><strong>-\u00bfC\u00f3mo valorar\u00edas la situaci\u00f3n actual y c\u00f3mo ha evolucionado la presencia femenina, fundamentalmente en puestos de representaci\u00f3n o directivos por m\u00e9ritos propios?<\/strong><\/p><p class='parrafocount'><p class='parrafocount'>-En el Grupo Erum apostamos por el talento, buscamos a los mejores profesionales all\u00ed donde est\u00e9n para crear la gran Familia Erum. No ponemos ning\u00fan filtro ni por raz\u00f3n de g\u00e9nero, de edad, o de cualquier otro tipo de condicionante. Pero tampoco permitimos que nadie tenga menos oportunidades que otros. Por eso en todos aquellos lugares en los que trabajamos, trabajamos en conseguir la igualdad de oportunidades y derechos entre g\u00e9neros.<\/p><p class='parrafocount'><p class='parrafocount'>Hoy, los miles de colaboradores que forman el equipo humano del Grupo Erum comparten nuestra apuesta por esta cultura de la excelencia.<\/p><p class='parrafocount'><p class='parrafocount'><strong>-\u00bfQu\u00e9 retos hay pendientes para seguir impulsando el liderazgo femenino?<\/strong><\/p><p class='parrafocount'><p class='parrafocount'>-Impulsar una cultura corporativa, amigable para mujeres y diversidades, en la que conseguir que la igualdad de oportunidades est\u00e9 arraigada en la empresa, apostando por pol\u00edticas de empresa que fomenten la paridad, estimulando los planes de carrera e invirtiendo en mentor\u00edas.<\/p><p class='parrafocount'><p class='parrafocount'><strong>-\u00bfQu\u00e9 consejos dar\u00edais a otras j\u00f3venes profesionales o empresarias?<\/strong><\/p><p class='parrafocount'><p class='parrafocount'>-Que no tenemos l\u00edmites, que los \u00fanicos l\u00edmites son los que nos ponemos nosotros mismos, y que hay que luchar para materializar nuestros sue\u00f1os, pero sin renunciar a nada.<\/p><p class='parrafocount'><p class='parrafocount'>Debemos de seguir apostando por la senda abierta por nuestras abuelas, por nuestras madres, o por nosotras ahora, en la que ya hemos demostrado que somos lo que queramos ser, a base de trabajo y esfuerzo. Y as\u00ed lo trasladamos a las siguientes generaciones.<\/p><p class='parrafocount'><p class='parrafocount'><strong>-\u00bfC\u00f3mo piensas que podr\u00edamos visibilizar a otras mujeres?<\/strong><\/p><p class='parrafocount'><p class='parrafocount'>-D\u00e1ndoles voz, cuando no la tengan; oportunidades cuando se les niegue y denunciando las injusticias. Y debemos ayudarnos para corregir aquellas situaciones en las que no haya igualdad de derechos y oportunidades.<\/p>[\/vc_column][\/vc_row][vc_row centrar=\u00bbtrue\u00bb el_class=\u00bbgrid grid-pad\u00bb][vc_column el_class=\u00bbcol-1-1 tablet-col-1-1&#8243;]\n        <div class='bloque'>\n         <div class='compartir'><p>Compartir<\/p><ul>\n                <li class='facebook'>\n                            <a href='https:\/\/www.facebook.com\/sharer\/sharer.php?u=https:\/\/lasprovincias.es\/content-local\/en-el-grupo-erum-apostamos-por-el-talento-y-la-capacidad-de-cada-persona\/' class='bcl-compartir-fb' target='_blank' title='Compartelo en Facebook' rel='nofollow'>\n                        <i class='facebook'><\/i>\n                    <\/a>\n                <\/li><li class='twitter'>\n                    <a href='https:\/\/twitter.com\/intent\/tweet?text=https:\/\/lasprovincias.es\/content-local\/en-el-grupo-erum-apostamos-por-el-talento-y-la-capacidad-de-cada-persona\/' class='bcl-compartir-tw twitter' target='_blank' title='Compartelo en Twitter' rel='nofollow'>\n                        <i class='twitter'><\/i>\n                    <\/a>\n                <\/li><li class='whatsapp'>\n                    <a href='whatsapp:\/\/send?text=https:\/\/lasprovincias.es\/content-local\/en-el-grupo-erum-apostamos-por-el-talento-y-la-capacidad-de-cada-persona\/' class='whatsapp' target='_blank' title='Compartelo en whatsapp' rel='nofollow'>\n                        <i class='whatsapp'><\/i>\n                    <\/a>\n                <\/li>\n                   <\/ul><\/div>\n        <div class='pie-ad '>\n            <p>Este contenido ha sido desarrollado por <strong>Content Factory, la unidad de contenidos de marca de Vocento,<\/strong> con <strong> CLIENTE<\/strong>. En su elaboraci\u00f3n no ha intervenido la redacci\u00f3n de este medio.<\/p>\n        <\/div><\/div>[\/vc_column][\/vc_row]<\/p>\n","protected":false},"excerpt":{"rendered":"<p>[vc_row el_class=\u00bbcol-1-1 tablet-col-1-1&#8243;][vc_column el_class=\u00bbcol-1-1 tablet-col-1-1&#8243;][\/vc_column][\/vc_row][vc_row centrar=\u00bbtrue\u00bb el_class=\u00bbgrid grid-pad\u00bb][vc_column el_class=\u00bbcol-1-1 tablet-col-1-1&#8243;][\/vc_column][\/vc_row][vc_row centrar=\u00bbtrue\u00bb el_class=\u00bbgrid grid-pad\u00bb][vc_column el_class=\u00bbcol-10-12 tablet-col-1-1&#8243;][vc_single_image image=\u00bb92970&#8243; img_size=\u00bblarge\u00bb][\/vc_column][\/vc_row][vc_row centrar=\u00bbtrue\u00bb el_class=\u00bbgrid grid-pad\u00bb][vc_column el_class=\u00bbcol-1-1 tablet-col-1-1&#8243;][\/vc_column][\/vc_row]<\/p>\n","protected":false},"author":21,"featured_media":0,"comment_status":"open","ping_status":"open","sticky":false,"template":"","format":"standard","meta":[],"categories":[1],"tags":[1553],"acf":[],"_links":{"self":[{"href":"\/content-local\/wp-json\/wp\/v2\/posts\/91206"}],"collection":[{"href":"\/content-local\/wp-json\/wp\/v2\/posts"}],"about":[{"href":"\/content-local\/wp-json\/wp\/v2\/types\/post"}],"author":[{"embeddable":true,"href":"\/content-local\/wp-json\/wp\/v2\/users\/21"}],"replies":[{"embeddable":true,"href":"\/content-local\/wp-json\/wp\/v2\/comments?post=91206"}],"version-history":[{"count":7,"href":"\/content-local\/wp-json\/wp\/v2\/posts\/91206\/revisions"}],"predecessor-version":[{"id":92971,"href":"\/content-local\/wp-json\/wp\/v2\/posts\/91206\/revisions\/92971"}],"wp:attachment":[{"href":"\/content-local\/wp-json\/wp\/v2\/media?parent=91206"}],"wp:term":[{"taxonomy":"category","embeddable":true,"href":"\/content-local\/wp-json\/wp\/v2\/categories?post=91206"},{"taxonomy":"post_tag","embeddable":true,"href":"\/content-local\/wp-json\/wp\/v2\/tags?post=91206"}],"curies":[{"name":"wp","href":"https:\/\/api.w.org\/{rel}","templated":true}]}}