

    {"id":25822,"date":"2022-03-23T14:34:11","date_gmt":"2022-03-23T14:34:11","guid":{"rendered":"https:\/\/ms-contentfactory.srv.vocento.in\/contentfactorylocal\/?p=25822"},"modified":"2022-03-28T13:05:43","modified_gmt":"2022-03-28T13:05:43","slug":"mejorar-la-vida-de-personas-con-discapacidad-auditiva-desde-valencia-gracias-a-la-digitalizacion","status":"publish","type":"post","link":"\/content-local\/mejorar-la-vida-de-personas-con-discapacidad-auditiva-desde-valencia-gracias-a-la-digitalizacion\/","title":{"rendered":"Mejorar la vida de personas con discapacidad auditiva desde valencia gracias a la digitalizaci\u00f3n"},"content":{"rendered":"<p>[vc_row el_class=\u00bbcol-1-1 tablet-col-1-1&#8243;][vc_column el_class=\u00bbcol-1-1 tablet-col-1-1&#8243;]\n        <div class='fullimg principal'>\n            <div class='tituloemergente'>\n                <div class='grid grid-pad'>\n                    <a class='open-btn close-nav quees' href=''>\n                        <span class='p-content'>Visualfy<\/span>\n                    <\/a>\n                    <h1><strong>Mejorar la vida de personas con discapacidad auditiva desde valencia gracias a la digitalizaci\u00f3n<\/strong><p><span style=\"font-weight: 400\">La \u2018startup\u2019 valenciana Visualfy ha hecho posible su proyecto de innovaci\u00f3n gracias a la financiaci\u00f3n de la Uni\u00f3n Europea<\/span><\/p><\/h1>\n                <\/div>\n            <\/div>\n        <figure class='videoPrincipal'><img src='\/content-local\/wp-content\/uploads\/sites\/10\/2022\/03\/Visualfy-cofundador.jpg'><\/figure><\/div>[\/vc_column][\/vc_row][vc_row centrar=\u00bbtrue\u00bb el_class=\u00bbgrid grid-pad\u00bb][vc_column el_class=\u00bbcol-1-1 tablet-col-1-1&#8243;]<div class='firmaRRSS '>\n       <div class='info'><address class='firmaAutor' data-autor='EXTRA'><img src=\"\"> EXTRA<\/address><time class='publicacion'>\n         23 marzo, 2022 - 14:34<\/time><\/div>\n           <div class='compartir'><p>Compartir<\/p><ul>\n                <li class='facebook'>\n                            <a href='https:\/\/www.facebook.com\/sharer\/sharer.php?u=https:\/\/lasprovincias.es\/content-local\/mejorar-la-vida-de-personas-con-discapacidad-auditiva-desde-valencia-gracias-a-la-digitalizacion\/' class='bcl-compartir-fb' data-voc-vtm-id='compartirrrss' data-voc-vtm-info='facebook' target='_blank' title='Compartelo en Facebook' rel='nofollow'>\n                        <i class='facebook'><\/i>\n                    <\/a>\n                <\/li><li class='twitter'>\n                    <a href='https:\/\/twitter.com\/intent\/tweet?text=https:\/\/lasprovincias.es\/content-local\/mejorar-la-vida-de-personas-con-discapacidad-auditiva-desde-valencia-gracias-a-la-digitalizacion\/' class='bcl-compartir-tw twitter' data-voc-vtm-id='compartirrrss' data-voc-vtm-info='twitter' target='_blank' title='Compartelo en Twitter' rel='nofollow'>\n                        <i class='twitter'><\/i>\n                    <\/a>\n                <\/li><li class='whatsapp'>\n                    <a href='whatsapp:\/\/send?text=https:\/\/lasprovincias.es\/content-local\/mejorar-la-vida-de-personas-con-discapacidad-auditiva-desde-valencia-gracias-a-la-digitalizacion\/' data-voc-vtm-id='compartirrrss' data-voc-vtm-info='whatsapp' class='whatsapp' target='_blank' title='Compartelo en whatsapp' rel='nofollow'>\n                        <i class='whatsapp'><\/i>\n                    <\/a>\n                <\/li>\n    \n    <\/ul><\/div><\/div>[\/vc_column][\/vc_row][vc_row centrar=\u00bbtrue\u00bb el_class=\u00bbgrid grid-pad\u00bb][vc_column el_class=\u00bbcol-10-12 tablet-col-1-1&#8243;]<p class=\"parrafocount\"><span style=\"font-weight: 400\">La transformaci\u00f3n digital es uno de los grandes retos a corto y medio plazo al que se deben enfrentar las empresas, sea cual sea su \u00e1mbito de actuaci\u00f3n. La pandemia del Covid-19 y la crisis econ\u00f3mica que vino con ella han acelerado el necesario proceso de digitalizaci\u00f3n en el que est\u00e1 inmerso el tejido empresarial de toda Europa. M\u00e1s all\u00e1 de cuestiones como la <\/strong><b>inteligencia artificial, el \u2018blockchain\u2019, el \u2018big data\u2019, la privacidad o los metaversos, apostar por entornos digitales<\/b><span style=\"font-weight: 400\"> permite acercarse a nuevos p\u00fablicos y hacer m\u00e1s sencillo el d\u00eda a d\u00eda de muchas personas.\u00a0<\/strong><\/p><p class='parrafocount'><p class='parrafocount'><span style=\"font-weight: 400\">Para afrontar este reto de transformaci\u00f3n, <\/strong><b>muchas empresas necesitan una ayuda extra con la que poder llevar adelante todo lo que exige el mundo digital<\/b><span style=\"font-weight: 400\">. Es el caso de <\/strong><a href=\"https:\/\/www.visualfy.com\/\"><span style=\"font-weight: 400\">Visualfy<\/strong><\/a><span style=\"font-weight: 400\">, una pyme valenciana, fundada por Manel Alcaide y \u00c1ngel Albiach, y que ha recurrido al programa <\/strong><a href=\"https:\/\/eic.ec.europa.eu\/eic-funding-opportunities\/eic-accelerator_en\"><span style=\"font-weight: 400\">Acelerador del Consejo Europeo de Innovaci\u00f3n<\/strong><\/a><span style=\"font-weight: 400\">. Alcaide y Albiach se preguntaban c\u00f3mo facilitar el d\u00eda a d\u00eda a las personas sordas o con p\u00e9rdida auditiva utilizando la inteligencia artificial. Con la financiaci\u00f3n y las ayudas de la Uni\u00f3n Europea, pusieron en marcha su proyecto, con el que <\/strong><b>convierten las se\u00f1ales sonoras en visuales y estas se muestran en alg\u00fan dispositivo inteligente<\/b><span style=\"font-weight: 400\"> \u2013m\u00f3vil o \u2018smartwatch\u2019, por ejemplo\u2013. Un sistema ideal, por ejemplo, a la hora de que personas con problemas de audici\u00f3n puedan acudir con normalidad a un centro m\u00e9dico y, solo instal\u00e1ndose una aplicaci\u00f3n en su tel\u00e9fono, puedan recibir las se\u00f1ales que se van transmitiendo por megafon\u00eda.<\/strong><\/p><p class='parrafocount'><p class='parrafocount'><b>Financiaci\u00f3n necesaria<\/b><\/p><p class='parrafocount'><p class='parrafocount'><span style=\"font-weight: 400\">\u201cA pesar de tener un proyecto rompedor y \u00fanico en el mundo, <\/strong><b>es casi imposible acceder a financiaci\u00f3n privada si partes de una facturaci\u00f3n inexistente. Sin la financiaci\u00f3n de la Uni\u00f3n Europea, no hubiera sido posible<\/b><span style=\"font-weight: 400\"> desarrollar el proyecto\u201d, afirma Alcaide. \u201cConseguir financiaci\u00f3n del <\/strong><b>programa Acelerador del Consejo Europeo de Innovaci\u00f3n fue un sentimiento muy emocionante que no olvidaremos nunca<\/b><span style=\"font-weight: 400\">. Justo en el momento de la concesi\u00f3n de la ayuda hab\u00edamos concluido una ronda de inversi\u00f3n privada, pero segu\u00edamos sin tener suficientes recursos para desarrollar al completo el proceso de industrializaci\u00f3n. Ten\u00edamos claro que quer\u00edamos cubrir unas necesidades existentes y en aquel momento entendimos que por fin iba a ser posible\u201d, concreta.<\/strong><\/p><p class='parrafocount'><p class='parrafocount'><span style=\"font-weight: 400\">La experiencia ha sido tan positiva que el cofundador de Visualfy no duda en animar a otros proyectos y empresas a buscar este apoyo del Consejo Europeo de Innovaci\u00f3n, incluso si ya se han presentado y no han superado el proceso en primera instancia. \u201c<\/strong><b>Sacarlo la primera vez que te presentas es muy complicado. Nuestra recomendaci\u00f3n es seguir exhaustivamente las indicaciones<\/b><span style=\"font-weight: 400\"> que durante la evaluaci\u00f3n te da el jurado porque es lo que ayuda a la empresa a mejorar. Adem\u00e1s, presentar en cuatro ocasiones nos ayud\u00f3 a generar confianza ante inversores externos\u201d, explica Alcaide.<\/strong><\/p><p class='parrafocount'><p class='parrafocount'>En su caso, adem\u00e1s, se trata de un proyecto que redunda en la sociedad, por lo que a\u00fan es m\u00e1s atractivo. \u201cEs positivo para todos. Primero para las personas sordas o con dificultades auditivas que ya se est\u00e1n beneficiando de este sistema. Visualfy es, adem\u00e1s, una empresa \u2018B Corp\u2019, que siempre ha tenido esp\u00edritu local, fomentando el negocio en la Comunitat Valenciana, buscando proveedores cercanos y contratando a profesionales de aqu\u00ed\u201d, incide Manel Alcaide.<\/p><p class='parrafocount'><p class='parrafocount'><span style=\"font-weight: 400\">\u00a0<\/strong><b>Consejos para optar a las ayudas europeas\u00a0<\/b><\/p><p class='parrafocount'><p class='parrafocount'><span style=\"font-weight: 400\">De cara a que cualquier pyme o \u2018startup\u2019 pueda <\/strong><b>optar a estas ayudas europeas<\/b><span style=\"font-weight: 400\">, desde su experiencia, el equipo de Visualfy aconseja tener clara la necesidad que va a cubrir la idea o proyecto de la empresa, tener una buena estrategia de patentes, propiedad intelectual y dise\u00f1o industrial, contar con el reconocimiento de entidades que muestren su apoyo e inter\u00e9s hacia el proyecto, y ser muy organizado y justificar muy bien los cambios que se puedan ir dando a lo largo de la preparaci\u00f3n. Todo ello, remarcan, favorecer\u00e1 a que el proyecto pueda salir adelante y a que haya m\u00e1s oportunidades de que pueda <\/strong><b>formar parte del programa Acelerador del Consejo Europeo de Innovaci\u00f3n.<\/b><\/p><p class='parrafocount'><p class='parrafocount'><span style=\"font-weight: 400\">El <\/strong><b>Consejo Europeo de Investigaci\u00f3n (CEI) cuenta con un presupuesto total de m\u00e1s de 10.000 millones de euros para el per\u00edodo 2021-2027<\/b><span style=\"font-weight: 400\">. Para 2022, se ha puesto el acento en los programas Acelerador, que apoya a empresas emergentes y pymes, con el fin de desarrollar y ampliar innovaciones de gran impacto con potencial para crear nuevos mercados o aportar soluciones disruptivas en los ya existentes; Explorador, que apoya a equipos de investigaci\u00f3n multidisciplinares para que puedan llevar a cabo investigaciones visionarias con potencial para generar avances tecnol\u00f3gicos; y Transici\u00f3n, que busca transformar los resultados de la investigaci\u00f3n en oportunidades de innovaci\u00f3n.<\/strong><\/p><p class='parrafocount'><p class='parrafocount'><span style=\"font-weight: 400\">Para m\u00e1s informaci\u00f3n sobre las ayudas europeas, se puede consultar la <\/strong><a href=\"https:\/\/eic.ec.europa.eu\/eic-funding-opportunities\/eic-accelerator_en\"><span style=\"font-weight: 400\">p\u00e1gina web del Acelerador del CEI<\/strong><\/a><span style=\"font-weight: 400\">, as\u00ed como la <\/strong><a href=\"https:\/\/spain.representation.ec.europa.eu\/empresas-y-financiacion\/financiacion-para-pymes-y-start-ups-innovadoras_es\"><span style=\"font-weight: 400\">relaci\u00f3n de oportunidades de financiaci\u00f3n para pymes y start ups innovadoras<\/strong><\/a><span style=\"font-weight: 400\"> y el <\/strong><a href=\"https:\/\/europa.eu\/youreurope\/business\/finance-funding\/getting-funding\/eu-funding-programmes\/index_es.htm\"><span style=\"font-weight: 400\">asesoramiento sobre c\u00f3mo obtener financiaci\u00f3n europea<\/strong><\/a><span style=\"font-weight: 400\">.<\/strong><\/p>[vc_single_image image=\u00bb25831&#8243; img_size=\u00bblarge\u00bb alignment=\u00bbcenter\u00bb][vc_video link=\u00bbhttps:\/\/www.youtube.com\/watch?v=zOvaGbCjK2s&amp;t=1s\u00bb][\/vc_column][\/vc_row][vc_row centrar=\u00bbtrue\u00bb el_class=\u00bbgrid grid-pad\u00bb][vc_column el_class=\u00bbcol-1-1 tablet-col-1-1&#8243;]\n        <div class='bloque'>\n         <div class='compartir'><p>Compartir<\/p><ul>\n                <li class='facebook'>\n                            <a href='https:\/\/www.facebook.com\/sharer\/sharer.php?u=https:\/\/lasprovincias.es' class='bcl-compartir-fb' target='_blank' title='Compartelo en Facebook' rel='nofollow'>\n                        <i class='facebook'><\/i>\n                    <\/a>\n                <\/li><li class='twitter'>\n                    <a href='https:\/\/twitter.com\/intent\/tweet?text=https:\/\/lasprovincias.es' class='bcl-compartir-tw twitter' target='_blank' title='Compartelo en Twitter' rel='nofollow'>\n                        <i class='twitter'><\/i>\n                    <\/a>\n                <\/li><li class='whatsapp'>\n                    <a href='whatsapp:\/\/send?text=https:\/\/lasprovincias.es' class='whatsapp' target='_blank' title='Compartelo en whatsapp' rel='nofollow'>\n                        <i class='whatsapp'><\/i>\n                    <\/a>\n                <\/li>\n                   <\/ul><\/div>\n        <div class='pie-ad '>\n            <p>Contenido para<strong>\u00a0Visualfy<\/strong>\u00a0 editado por <strong>Content Local<\/strong>. En su elaboraci\u00f3n no ha intervenido la redacci\u00f3n de este medio.<\/p>\n        <\/div><\/div>[\/vc_column][\/vc_row]<\/p>\n","protected":false},"excerpt":{"rendered":"<p>[vc_row el_class=\u00bbcol-1-1 tablet-col-1-1&#8243;][vc_column el_class=\u00bbcol-1-1 tablet-col-1-1&#8243;][\/vc_column][\/vc_row][vc_row centrar=\u00bbtrue\u00bb el_class=\u00bbgrid grid-pad\u00bb][vc_column el_class=\u00bbcol-1-1 tablet-col-1-1&#8243;][\/vc_column][\/vc_row][vc_row centrar=\u00bbtrue\u00bb el_class=\u00bbgrid grid-pad\u00bb][vc_column el_class=\u00bbcol-10-12 tablet-col-1-1&#8243;][vc_single_image image=\u00bb25831&#8243; img_size=\u00bblarge\u00bb alignment=\u00bbcenter\u00bb][vc_video link=\u00bbhttps:\/\/www.youtube.com\/watch?v=zOvaGbCjK2s&amp;t=1s\u00bb][\/vc_column][\/vc_row][vc_row centrar=\u00bbtrue\u00bb el_class=\u00bbgrid grid-pad\u00bb][vc_column el_class=\u00bbcol-1-1 tablet-col-1-1&#8243;][\/vc_column][\/vc_row]<\/p>\n","protected":false},"author":21,"featured_media":25824,"comment_status":"open","ping_status":"open","sticky":false,"template":"","format":"standard","meta":[],"categories":[1],"tags":[],"acf":[],"_links":{"self":[{"href":"\/content-local\/wp-json\/wp\/v2\/posts\/25822"}],"collection":[{"href":"\/content-local\/wp-json\/wp\/v2\/posts"}],"about":[{"href":"\/content-local\/wp-json\/wp\/v2\/types\/post"}],"author":[{"embeddable":true,"href":"\/content-local\/wp-json\/wp\/v2\/users\/21"}],"replies":[{"embeddable":true,"href":"\/content-local\/wp-json\/wp\/v2\/comments?post=25822"}],"version-history":[{"count":2,"href":"\/content-local\/wp-json\/wp\/v2\/posts\/25822\/revisions"}],"predecessor-version":[{"id":26346,"href":"\/content-local\/wp-json\/wp\/v2\/posts\/25822\/revisions\/26346"}],"wp:featuredmedia":[{"embeddable":true,"href":"\/content-local\/wp-json\/wp\/v2\/media\/25824"}],"wp:attachment":[{"href":"\/content-local\/wp-json\/wp\/v2\/media?parent=25822"}],"wp:term":[{"taxonomy":"category","embeddable":true,"href":"\/content-local\/wp-json\/wp\/v2\/categories?post=25822"},{"taxonomy":"post_tag","embeddable":true,"href":"\/content-local\/wp-json\/wp\/v2\/tags?post=25822"}],"curies":[{"name":"wp","href":"https:\/\/api.w.org\/{rel}","templated":true}]}}