
{"id":162701,"date":"2026-09-04T13:45:07","date_gmt":"2026-09-04T11:45:07","guid":{"rendered":"https:\/\/ms-contentfactory.srv.vocento.in\/contentfactorylocal\/?p=162701"},"modified":"2026-09-04T15:47:43","modified_gmt":"2026-09-04T13:47:43","slug":"xtart-fp-valencia-formacion-conectada-a-las-necesidades-reales-de-las-empresas","status":"publish","type":"post","link":"\/content-local\/xtart-fp-valencia-formacion-conectada-a-las-necesidades-reales-de-las-empresas\/","title":{"rendered":"Xtart FP Valencia: formaci\u00f3n conectada a las necesidades reales de las empresas"},"content":{"rendered":"<p>[vc_row el_class=\u00bbcol-1-1 tablet-col-1-1&#8243; css=\u00bb.vc_custom_1774619695745{margin-top: -57px !important;}\u00bb][vc_column el_class=\u00bbcol-1-1 tablet-col-1-1&#8243; css=\u00bb.vc_custom_1751453406601{margin-top: -15px !important;}\u00bb]\n        <div class='fullimg principal'>\n            <div class='tituloemergente'>\n                <div class='grid grid-pad'>\n                    <a class='open-btn close-nav quees' href=''>\n                        <span class='p-content'>UAX<\/span>\n                    <\/a>\n                    <h1><strong>Xtart FP Valencia: formaci\u00f3n conectada a las necesidades reales de las empresas<\/strong><p>Propuesta formativa basada en conectar el mundo empresarial y la experiencia pr\u00e1ctica<\/p><\/h1>\n                <\/div>\n            <\/div>\n        <figure class='videoPrincipal'><img src='\/content-local\/wp-content\/uploads\/sites\/10\/2026\/09\/uax-port.jpg'><\/figure><\/div>[\/vc_column][\/vc_row][vc_row centrar=\u00bbtrue\u00bb el_class=\u00bbgrid grid-pad\u00bb][vc_column el_class=\u00bbcol-1-1 tablet-col-1-1&#8243;]<div class='firmaRRSS '>\n       <div class='info'><address class='firmaAutor' data-autor='SUPLEMENTOS'> SUPLEMENTOS<\/address><time class='publicacion'>\n         4 septiembre, 2026 - 13:45<\/time><\/div>\n           <div class='compartir'><p>Compartir<\/p><ul>\n                <li class='facebook'>\n                            <a href='https:\/\/www.facebook.com\/sharer\/sharer.php?u=https:\/\/lasprovincias.es\/content-local\/xtart-fp-valencia-formacion-conectada-a-las-necesidades-reales-de-las-empresas\/' class='bcl-compartir-fb' data-voc-vtm-id='compartirrrss' data-voc-vtm-info='facebook' target='_blank' title='Compartelo en Facebook' rel='nofollow'>\n                        <i class='facebook'><\/i>\n                    <\/a>\n                <\/li><li class='twitter'>\n                    <a href='https:\/\/twitter.com\/intent\/tweet?text=https:\/\/lasprovincias.es\/content-local\/xtart-fp-valencia-formacion-conectada-a-las-necesidades-reales-de-las-empresas\/' class='bcl-compartir-tw twitter' data-voc-vtm-id='compartirrrss' data-voc-vtm-info='twitter' target='_blank' title='Compartelo en Twitter' rel='nofollow'>\n                        <i class='twitter'><\/i>\n                    <\/a>\n                <\/li><li class='whatsapp'>\n                    <a href='whatsapp:\/\/send?text=https:\/\/lasprovincias.es\/content-local\/xtart-fp-valencia-formacion-conectada-a-las-necesidades-reales-de-las-empresas\/' data-voc-vtm-id='compartirrrss' data-voc-vtm-info='whatsapp' class='whatsapp' target='_blank' title='Compartelo en whatsapp' rel='nofollow'>\n                        <i class='whatsapp'><\/i>\n                    <\/a>\n                <\/li>\n    \n    <\/ul><\/div><\/div>[\/vc_column][\/vc_row][vc_row centrar=\u00bbtrue\u00bb el_class=\u00bbgrid grid-pad\u00bb][vc_column el_class=\u00bbcol-10-12 tablet-col-1-1&#8243;][vc_single_image image=\u00bb162706&#8243; img_size=\u00bblarge\u00bb alignment=\u00bbcenter\u00bb css=\u00bb.vc_custom_1788522286195{margin-top: 30px !important;margin-bottom: 30px !important;}\u00bb]<p class=\"parrafocount\">En los \u00faltimos a\u00f1os, la formaci\u00f3n profesional se est\u00e1 consolidando como una de las v\u00edas de acceso al empleo o de especializaci\u00f3n en sectores estrat\u00e9gicos que actualmente cuentan con una alta demanda de profesionales. As\u00ed, desde <strong>Xtart FP Valencia, integrado en el ecosistema educativo del Grupo UAX, instituci\u00f3n l\u00edder con m\u00e1s de 30 a\u00f1os de excelencia acad\u00e9mica<\/strong>, desarrolla una propuesta formativa basada en la conexi\u00f3n con el mundo empresarial y la experiencia pr\u00e1ctica. Este modelo educativo permite a los estudiantes aplicar desde el primer momento los conocimientos adquiridos y desarrollar competencias directamente vinculadas con sus futuras profesiones. Esta <strong>apuesta por una formaci\u00f3n conectada con las necesidades del mercado y de cada sector<\/strong> se refleja en tasas de <strong>empleabilidad superiores al 93%<\/strong>.<\/p><p class='parrafocount'><p class='parrafocount'>La conexi\u00f3n con el tejido empresarial es uno de los pilares de esta propuesta, facilitando pr\u00e1cticas de calidad y oportunidades reales de inserci\u00f3n laboral. Cuenta con una <strong>amplia red de m\u00e1s de 3.000 convenios con empresas colaboradoras<\/strong>, lo que impulsa la empleabilidad del alumnado desde el primer momento. En el caso de Valencia, <strong>esta colaboraci\u00f3n se materializa en acuerdos con compa\u00f1\u00edas e instituciones como HPE, Viewnext \u2013empresa filial de IBM\u2013 o DXC Technology, as\u00ed como con referentes del \u00e1mbito sanitario como Quir\u00f3nprevenci\u00f3n<\/strong>.<\/p><p class='parrafocount'><p class='parrafocount'>Xtart FP Valencia<strong> concentra su oferta en \u00e1mbitos con una elevada demanda de profesionales como es el sector sanitario y Business &amp; Tech<\/strong>. Entre su oferta se encuentran el<strong> Grado Medio en Sistemas Microinform\u00e1ticos y Redes (SMR) y el Grado Medio en Emergencias Sanitarias, as\u00ed como ciclos de Grado Superior como Desarrollo de Aplicaciones Multiplataforma (DAM), Higiene Bucodental, Radioterapia y Dosimetr\u00eda y Marketing y Publicidad<\/strong>.<\/p><p class='parrafocount'><p class='parrafocount'>A esta oferta se suman programas de especializaci\u00f3n como el <strong>Curso de Especializaci\u00f3n en Cloud Computing<\/strong>, crocreados junto a empresas l\u00edder como el <strong>Curso de Especializaci\u00f3n en Cloud Computing con DXC Technology<\/strong>, el de <strong>Experto en Im\u00e1genes Diagn\u00f3sticas, junto con WAZO<\/strong>, el de <strong>Especializaci\u00f3n en Salud Laboral con Quir\u00f3nprevenci\u00f3n<\/strong> o el <strong>Curso de Especializaci\u00f3n en Inform\u00e1tica Sanitaria, en colaboraci\u00f3n con Viewnext<\/strong>, reforzando as\u00ed la conexi\u00f3n entre la formaci\u00f3n y las necesidades de cada sector.<\/p><p class='parrafocount'><p class='parrafocount'>La <strong>metodolog\u00eda de Xtart FP se apoya en un enfoque pr\u00e1ctico<\/strong>, los alumnos trabajan en espacios equipados con materiales y tecnolog\u00eda espec\u00edfica de cada \u00e1rea, lo que permite trasladar los conocimientos adquiridos a situaciones similares a las que encontrar\u00e1n posteriormente en su entorno profesional. Adem\u00e1s, a esto se suma la <strong>Formaci\u00f3n en Fase de Empresa (FFE)<\/strong>, que les permite realizar pr\u00e1cticas en entornos profesionales reales y consolidar los conocimientos adquiridos durante el ciclo. El acompa\u00f1amiento del equipo docente y la orientaci\u00f3n profesional completan este modelo que facilita la transici\u00f3n entre la etapa formativa y la incorporaci\u00f3n al mercado laboral.<\/p><p class='parrafocount'><p class='parrafocount'><strong>Xtart FP Valencia cuenta con dos sedes con instalaciones de vanguardia<\/strong>. Por un lado, <strong>Xtart FP Valencia Campanar<\/strong> dispone de m\u00e1s de 8.000 metros cuadrados de instalaciones, con aulas, laboratorios y espacios t\u00e9cnicos orientados a una formaci\u00f3n pr\u00e1ctica y conectada con las distintas especialidades. Por otro, la <strong>nueva sede Xtart FP Valencia San Vicente M\u00e1rtir<\/strong>, inaugurada el pasado curso, ofrece doce ciclos formativos en modalidad presencial del \u00e1mbito de Salud, Business y Tech. Cuenta con 7.500 metros cuadrados de instalaciones, dotados de laboratorios de vanguardia, aulas t\u00e9cnicas y zonas de trabajo concebidas para favorecer un aprendizaje pr\u00e1ctico y orientado al empleo. Esta nueva sede responde a las necesidades de talento de la regi\u00f3n y refuerza la apuesta de Xtart FP por la empleabilidad de los estudiantes valencianos.<\/p><p class='parrafocount'><p class='parrafocount'>Adem\u00e1s, la propuesta de <strong>Xtart FP se plantea tambi\u00e9n desde una perspectiva de aprendizaje \u2018lifelong learning\u2019<\/strong>. La formaci\u00f3n en Xtart FP no termina con la obtenci\u00f3n del t\u00edtulo, m\u00e1s bien puede ser el punto de partida, ofreciendo programas que permiten a los estudiantes continuar su desarrollo dentro del propio ecosistema UAX. El objetivo es acompa\u00f1ar al estudiante no solo durante su etapa de Formaci\u00f3n Profesional, sino tambi\u00e9n en la construcci\u00f3n de su perfil profesional capaz de adaptarse y evolucionar junto con las necesidades del mercado laboral en constante transformaci\u00f3n.<\/p>[vc_single_image image=\u00bb162703&#8243; img_size=\u00bblarge\u00bb alignment=\u00bbcenter\u00bb css=\u00bb.vc_custom_1788522301155{margin-top: 30px !important;margin-bottom: 30px !important;}\u00bb][\/vc_column][\/vc_row][vc_row centrar=\u00bbtrue\u00bb el_class=\u00bbgrid grid-pad\u00bb][vc_column el_class=\u00bbcol-1-1 tablet-col-1-1&#8243;]\n        <div class='bloque'>\n         <div class='compartir'><p>Compartir<\/p><ul>\n                <li class='facebook'>\n                            <a href='https:\/\/www.facebook.com\/sharer\/sharer.php?u=https:\/\/lasprovincias.es\/content-local\/xtart-fp-valencia-formacion-conectada-a-las-necesidades-reales-de-las-empresas\/' class='bcl-compartir-fb' target='_blank' title='Compartelo en Facebook' rel='nofollow'>\n                        <i class='facebook'><\/i>\n                    <\/a>\n                <\/li><li class='twitter'>\n                    <a href='https:\/\/twitter.com\/intent\/tweet?text=https:\/\/lasprovincias.es\/content-local\/xtart-fp-valencia-formacion-conectada-a-las-necesidades-reales-de-las-empresas\/' class='bcl-compartir-tw twitter' target='_blank' title='Compartelo en Twitter' rel='nofollow'>\n                        <i class='twitter'><\/i>\n                    <\/a>\n                <\/li><li class='whatsapp'>\n                    <a href='whatsapp:\/\/send?text=https:\/\/lasprovincias.es\/content-local\/xtart-fp-valencia-formacion-conectada-a-las-necesidades-reales-de-las-empresas\/' class='whatsapp' target='_blank' title='Compartelo en whatsapp' rel='nofollow'>\n                        <i class='whatsapp'><\/i>\n                    <\/a>\n                <\/li>\n                   <\/ul><\/div>\n        <div class='pie-ad '>\n            <p>Este contenido ha sido desarrollado por <b>Content Factory, la unidad de contenidos de marca de Vocento,<\/b> con <b>UAX<\/b>. En su elaboraci\u00f3n no ha intervenido la redacci\u00f3n de este medio.<\/p>\n        <\/div><\/div>[\/vc_column][\/vc_row]<\/p>\n","protected":false},"excerpt":{"rendered":"<p>Propuesta formativa basada en conectar el mundo empresarial y la experiencia pr\u00e1ctica<\/p>\n","protected":false},"author":21,"featured_media":162705,"comment_status":"closed","ping_status":"closed","sticky":false,"template":"","format":"standard","meta":[],"categories":[1],"tags":[3832],"acf":[],"_links":{"self":[{"href":"\/content-local\/wp-json\/wp\/v2\/posts\/162701"}],"collection":[{"href":"\/content-local\/wp-json\/wp\/v2\/posts"}],"about":[{"href":"\/content-local\/wp-json\/wp\/v2\/types\/post"}],"author":[{"embeddable":true,"href":"\/content-local\/wp-json\/wp\/v2\/users\/21"}],"replies":[{"embeddable":true,"href":"\/content-local\/wp-json\/wp\/v2\/comments?post=162701"}],"version-history":[{"count":2,"href":"\/content-local\/wp-json\/wp\/v2\/posts\/162701\/revisions"}],"predecessor-version":[{"id":162712,"href":"\/content-local\/wp-json\/wp\/v2\/posts\/162701\/revisions\/162712"}],"wp:featuredmedia":[{"embeddable":true,"href":"\/content-local\/wp-json\/wp\/v2\/media\/162705"}],"wp:attachment":[{"href":"\/content-local\/wp-json\/wp\/v2\/media?parent=162701"}],"wp:term":[{"taxonomy":"category","embeddable":true,"href":"\/content-local\/wp-json\/wp\/v2\/categories?post=162701"},{"taxonomy":"post_tag","embeddable":true,"href":"\/content-local\/wp-json\/wp\/v2\/tags?post=162701"}],"curies":[{"name":"wp","href":"https:\/\/api.w.org\/{rel}","templated":true}]}}