
{"id":161719,"date":"2026-07-24T11:03:14","date_gmt":"2026-07-24T09:03:14","guid":{"rendered":"https:\/\/ms-contentfactory.srv.vocento.in\/contentfactorylocal\/?p=161719"},"modified":"2026-07-24T13:24:54","modified_gmt":"2026-07-24T11:24:54","slug":"daniel-ibiza-ceo-de-aiudo-las-personas-mayores-deben-seguir-siendo-duenas-de-sus-decisiones","status":"publish","type":"post","link":"\/content-local\/daniel-ibiza-ceo-de-aiudo-las-personas-mayores-deben-seguir-siendo-duenas-de-sus-decisiones\/","title":{"rendered":"Daniel Ibiza, CEO de Aiudo: \u00abLas personas mayores deben seguir siendo due\u00f1as de sus decisiones\u00bb"},"content":{"rendered":"<p>[vc_row el_class=\u00bbcol-1-1 tablet-col-1-1&#8243; css=\u00bb.vc_custom_1774619695745{margin-top: -57px !important;}\u00bb][vc_column el_class=\u00bbcol-1-1 tablet-col-1-1&#8243; css=\u00bb.vc_custom_1751453406601{margin-top: -15px !important;}\u00bb]\n        <div class='fullimg principal'>\n            <div class='tituloemergente'>\n                <div class='grid grid-pad'>\n                    <a class='open-btn close-nav quees' href=''>\n                        <span class='p-content'>AIUDO<\/span>\n                    <\/a>\n                    <h1><strong>Daniel Ibiza, CEO de Aiudo: \u00abLas personas mayores deben seguir siendo due\u00f1as de sus decisiones\u00bb<\/strong><p>La empresa valenciana de cuidados a domicilio celebra su d\u00e9cimo aniversario tras haber atendido a m\u00e1s de 11.000 familias y gestionado m\u00e1s de 15.000 empleos. Con motivo del D\u00eda de los Abuelos, su fundador reflexiona sobre envejecimiento, autonom\u00eda, familia y el futuro de los cuidados<\/p><\/h1>\n                <\/div>\n            <\/div>\n        <figure class='videoPrincipal'><img src='\/content-local\/wp-content\/uploads\/sites\/10\/2026\/07\/portada-12.jpg'><\/figure><\/div>[\/vc_column][\/vc_row][vc_row centrar=\u00bbtrue\u00bb el_class=\u00bbgrid grid-pad\u00bb][vc_column el_class=\u00bbcol-1-1 tablet-col-1-1&#8243;]<div class='firmaRRSS '>\n       <div class='info'><address class='firmaAutor' data-autor='SUPLEMENTOS'> SUPLEMENTOS<\/address><time class='publicacion'>\n         24 julio, 2026 - 11:03<\/time><\/div>\n           <div class='compartir'><p>Compartir<\/p><ul>\n                <li class='facebook'>\n                            <a href='https:\/\/www.facebook.com\/sharer\/sharer.php?u=https:\/\/lasprovincias.es\/content-local\/daniel-ibiza-ceo-de-aiudo-las-personas-mayores-deben-seguir-siendo-duenas-de-sus-decisiones\/' class='bcl-compartir-fb' data-voc-vtm-id='compartirrrss' data-voc-vtm-info='facebook' target='_blank' title='Compartelo en Facebook' rel='nofollow'>\n                        <i class='facebook'><\/i>\n                    <\/a>\n                <\/li><li class='twitter'>\n                    <a href='https:\/\/twitter.com\/intent\/tweet?text=https:\/\/lasprovincias.es\/content-local\/daniel-ibiza-ceo-de-aiudo-las-personas-mayores-deben-seguir-siendo-duenas-de-sus-decisiones\/' class='bcl-compartir-tw twitter' data-voc-vtm-id='compartirrrss' data-voc-vtm-info='twitter' target='_blank' title='Compartelo en Twitter' rel='nofollow'>\n                        <i class='twitter'><\/i>\n                    <\/a>\n                <\/li><li class='whatsapp'>\n                    <a href='whatsapp:\/\/send?text=https:\/\/lasprovincias.es\/content-local\/daniel-ibiza-ceo-de-aiudo-las-personas-mayores-deben-seguir-siendo-duenas-de-sus-decisiones\/' data-voc-vtm-id='compartirrrss' data-voc-vtm-info='whatsapp' class='whatsapp' target='_blank' title='Compartelo en whatsapp' rel='nofollow'>\n                        <i class='whatsapp'><\/i>\n                    <\/a>\n                <\/li>\n    \n    <\/ul><\/div><\/div>[\/vc_column][\/vc_row][vc_row centrar=\u00bbtrue\u00bb el_class=\u00bbgrid grid-pad\u00bb][vc_column el_class=\u00bbcol-10-12 tablet-col-1-1&#8243;][vc_single_image image=\u00bb161733&#8243; img_size=\u00bblarge\u00bb alignment=\u00bbcenter\u00bb][vc_column_text css=\u00bb.vc_custom_1784882947584{margin-bottom: 30px !important;}\u00bb]<\/p>\n<h6 style=\"text-align: center\">Daniel Ibiza posa en la entrada de Aiudo junto al recorrido fotogr\u00e1fico de mejores momentos de los u\u0301ltimos 10 an\u0303os.<\/h6>\n<p>[\/vc_column_text]<p class=\"parrafocount\">Mientras muchas personas recuerdan a sus abuelos un d\u00eda al a\u00f1o, en <a href=\"https:\/\/aiudo.es\/\" target=\"_blank\" rel=\"noopener\">Aiudo<\/a> llevan una d\u00e9cada haci\u00e9ndolo cada jornada. Coincidiendo con el D\u00eda de los Abuelos y con el d\u00e9cimo aniversario de la compa\u00f1\u00eda, conversamos con Daniel Ibiza, fundador y CEO de la empresa valenciana que ha convertido el cuidado de las personas mayores en el centro de un proyecto con notorio impacto social nacional y experiencia internacional.<\/p><p class='parrafocount'><p class='parrafocount'>La entrevista llega adem\u00e1s en un momento especialmente significativo para Aiudo, que recientemente ha celebrado sus primeros diez a\u00f1os de trayectoria. Una d\u00e9cada en la que la empresa ha atendido a m\u00e1s de 11.000 familias, ha gestionado m\u00e1s de 15.000 empleos y cuenta con 170 trabajadores que han contribuido a transformar la forma de entender la atenci\u00f3n domiciliaria.<\/p><p class='parrafocount'><p class='parrafocount'>Con Daniel Ibiza hablamos de envejecimiento, de familia, de futuro y de por qu\u00e9 cuidar es mucho m\u00e1s que prestar un servicio. Tambi\u00e9n de autonom\u00eda, de soledad no deseada, del reconocimiento profesional de los cuidadores y de una sociedad que, a su juicio, todav\u00eda tiene una deuda importante con las personas mayores.<\/p><p class='parrafocount'><p class='parrafocount'><strong>\u2014Este domingo se celebra el D\u00eda de los Abuelos. \u00bfQu\u00e9 significado tiene para alguien que lleva diez a\u00f1os dedicado profesionalmente a este sector?<\/strong><br \/><p class='parrafocount'>\u2014Los abuelos lo son todo. Son un pilar fundamental en las familias y dan mucho m\u00e1s de lo que piden. Todos conocemos situaciones en las que la soledad no deseada nos hace pensar que deber\u00edan disfrutar de otra calidad de vida durante esta etapa.<br \/><p class='parrafocount'>Tambi\u00e9n nos lleva a reflexionar sobre c\u00f3mo ser\u00e1 nuestra propia vida cuando seamos mayores. Por eso es tan importante que, como sociedad, transformemos poco a poco esa realidad y cuidemos m\u00e1s y mejor a las personas mayores.<\/p><p class='parrafocount'><blockquote><p class='parrafocount'>\u00abLos abuelos dan mucho m\u00e1s de lo que piden. Como sociedad, debemos transformar su realidad y cuidarlos m\u00e1s y mejor\u00bb<\/p><\/blockquote><p class='parrafocount'><p class='parrafocount'><strong>\u2014Los consideramos un pilar fundamental, pero solo les dedicamos un d\u00eda al a\u00f1o. \u00bfSeguimos estando en deuda con ellos?<\/strong><br \/><p class='parrafocount'>\u2014Los d\u00edas mundiales tienen un componente simb\u00f3lico, pero claro que seguimos estando en deuda con las personas mayores.<\/p><p class='parrafocount'><p class='parrafocount'>Todav\u00eda suenan poco habituales conceptos como envejecimiento activo, participaci\u00f3n en las decisiones cotidianas, fomento de la autonom\u00eda u ocio para las personas mayores. Seguimos asociando autom\u00e1ticamente la vejez con la dependencia, cuando no deber\u00eda ser as\u00ed.<\/p><p class='parrafocount'><p class='parrafocount'>Adem\u00e1s, existen muchos tab\u00faes relacionados con esta etapa de la vida: el amor, las relaciones de pareja, la sexualidad o incluso la posibilidad de hacer una compra importante. Cuando una persona mayor toma determinadas decisiones, muchas veces queda sometida a la cr\u00edtica de su propia familia.<\/p><p class='parrafocount'><p class='parrafocount'>Tenemos que transformar esos sesgos. Las personas mayores deben continuar siendo due\u00f1as de sus decisiones, de su destino y de la manera en la que quieren vivir. El objetivo debe ser prolongar su autonom\u00eda el m\u00e1ximo tiempo posible para que puedan seguir siendo ellas mismas.<\/p><p class='parrafocount'><blockquote><p class='parrafocount'>\u00abLa vejez no puede asociarse siempre a dependencia. Las personas mayores deben seguir siendo due\u00f1as de sus decisiones y de su destino\u00bb<\/p><\/blockquote><p class='parrafocount'><h3>Diez a\u00f1os de aprendizaje y justicia social<\/h3><p class='parrafocount'><p class='parrafocount'>Aiudo naci\u00f3 en Valencia hace una d\u00e9cada con la intenci\u00f3n de hacer m\u00e1s accesible, sencillo y transparente el cuidado a domicilio. Lo que comenz\u00f3 como una respuesta concreta a un problema familiar y social ha evolucionado hasta convertirse en un proyecto con presencia nacional y una estructura profesionalizada.<\/p>[vc_single_image image=\u00bb161734&#8243; img_size=\u00bblarge\u00bb alignment=\u00bbcenter\u00bb][vc_column_text css=\u00bb.vc_custom_1784883954116{margin-bottom: 30px !important;}\u00bb]<\/p>\n<h6 style=\"text-align: center\">Celebracio\u0301n del X Aniversario de Aiudo con el equipo actual, colaboradores, socios y patners.<\/h6>\n<p>[\/vc_column_text]<p class=\"parrafocount\">Para Daniel Ibiza, estos diez a\u00f1os pueden resumirse en dos palabras: aprendizaje y justicia.<\/p><p class='parrafocount'><p class='parrafocount'><strong>\u2014Si tuvieras que condensar esta d\u00e9cada en una sola palabra, \u00bfcu\u00e1l ser\u00eda?<\/strong><br \/><p class='parrafocount'>\u2014En el \u00e1mbito individual, dir\u00eda aprendizaje. He aprendido much\u00edsimo sobre el sector, sobre las personas mayores, sobre los cuidados y sobre sus necesidades.<\/p><p class='parrafocount'><p class='parrafocount'>Desde una perspectiva m\u00e1s global, elegir\u00eda justicia. Todo esto tiene mucho que ver con la justicia social. Las personas que estuvieron sosteniendo el pa\u00eds durante d\u00e9cadas merecen no solo un final de vida digno, sino tambi\u00e9n que se les devuelva todo lo que han aportado.<\/p><p class='parrafocount'><p class='parrafocount'><strong>\u2014Cuando fundaste Aiudo, \u00bfqu\u00e9 problema quer\u00edas resolver?<\/strong><br \/><p class='parrafocount'>\u2014Al principio, la idea era sencilla: quer\u00edamos que el servicio estuviera disponible en todo el territorio nacional y que la contrataci\u00f3n fuera f\u00e1cil y transparente.<\/p><p class='parrafocount'><p class='parrafocount'>La familia deb\u00eda saber cu\u00e1nto estaba pagando, que la empresa no aplicaba m\u00e1rgenes abusivos, que los cuidadores estaban correctamente atendidos y que podr\u00eda participar en la elecci\u00f3n de la persona que entrar\u00eda en su casa para cuidar de un familiar.<\/p><p class='parrafocount'><p class='parrafocount'>Despu\u00e9s fuimos volvi\u00e9ndonos m\u00e1s ambiciosos. Empezamos a trabajar en c\u00f3mo seleccionar mejor a los profesionales, c\u00f3mo personalizar cada servicio, c\u00f3mo facilitar la burocracia y c\u00f3mo realizar un seguimiento adecuado de lo que ocurre en el domicilio.<\/p><p class='parrafocount'><p class='parrafocount'>No se trata \u00fanicamente de encontrar un cuidador. Se trata de conseguir que ese profesional encaje con la persona mayor, con su familia, con sus necesidades y con su forma de vida.<\/p><p class='parrafocount'><blockquote><p class='parrafocount'>\u00abNo se trata \u00fanicamente de encontrar un cuidador, sino de conseguir que encaje con la persona mayor, su familia y su forma de vida\u00bb<\/p><\/blockquote><p class='parrafocount'><p class='parrafocount'>El entusiasmo con el que comenz\u00f3 el proyecto, asegura Ibiza, se mantiene intacto. Lo que ha cambiado es la naturaleza de los retos. Durante los primeros a\u00f1os, la prioridad fue consolidar el modelo de negocio. Ahora la compa\u00f1\u00eda se encuentra en una etapa de gesti\u00f3n, optimizaci\u00f3n y madurez.<\/p>[vc_single_image image=\u00bb161735&#8243; img_size=\u00bblarge\u00bb alignment=\u00bbcenter\u00bb][vc_column_text css=\u00bb.vc_custom_1784884315937{margin-bottom: 30px !important;}\u00bb]<\/p>\n<h6 style=\"text-align: center\">Daniel Ibiza junto a su padre, en una imagen familiar que refleja la dimensio\u0301n ma\u0301s personal de su compromiso con el cuidado de las personas mayores.<\/h6>\n<p>[\/vc_column_text]<p class=\"parrafocount\">\u00abEl encaje entre Daniel, Aiudo y los cuidados sigue teniendo la misma fuerza que el primer d\u00eda\u00bb, sostiene. Sin embargo, dirigir hoy una organizaci\u00f3n consolidada exige afrontar nuevos desaf\u00edos, gestionar recursos y preparar la empresa para la siguiente d\u00e9cada.<\/p><p class='parrafocount'><h3>Crecer sin perder la cercan\u00eda<\/h3><p class='parrafocount'><p class='parrafocount'>Uno de los grandes desaf\u00edos de Aiudo ha sido ampliar su actividad sin abandonar el trato humano que exige un servicio tan delicado. La empresa empez\u00f3 en Valencia, pero pronto comenz\u00f3 a trabajar en comunidades como Cantabria, Andaluc\u00eda o Galicia.<\/p><p class='parrafocount'><p class='parrafocount'>La tecnolog\u00eda disponible ya en 2016 permiti\u00f3 desarrollar un servicio deslocalizado, apoyado en bolsas de empleo regionales y en procesos de selecci\u00f3n adaptados a cada territorio. La expansi\u00f3n internacional, sin embargo, ha resultado m\u00e1s compleja.<\/p><p class='parrafocount'><p class='parrafocount'><strong>\u2014\u00bfC\u00f3mo se puede crecer y ampliar horizontes sin perder la cercan\u00eda?<\/strong><br \/><p class='parrafocount'>\u2014En Espa\u00f1a es m\u00e1s sencillo, aunque cada regi\u00f3n tenga sus particularidades. La tecnolog\u00eda nos permiti\u00f3 prestar un servicio deslocalizado y, al mismo tiempo, capilarizado, con profesionales y bolsas de trabajo de cada zona.<\/p><p class='parrafocount'><p class='parrafocount'>La expansi\u00f3n internacional es distinta. Cambian la legislaci\u00f3n laboral, la cultura, el mercado y la forma de constituir y gestionar las empresas. Tuvimos una iniciativa internacional en 2020, pero una expansi\u00f3n nacional y una internacional son procesos completamente diferentes.<\/p><p class='parrafocount'><p class='parrafocount'>Pese a los datos de crecimiento, cuando se le pregunta por el principal logro de estos diez a\u00f1os, Ibiza evita hablar \u00fanicamente de facturaci\u00f3n, sedes o volumen de negocio. El dato que m\u00e1s valora es haber alcanzado el d\u00e9cimo aniversario con una empresa consolidada y con un equipo que ha evolucionado profundamente.<\/p><p class='parrafocount'><p class='parrafocount'>Detr\u00e1s de ese aniversario hay m\u00e1s de 11.000 familias atendidas y m\u00e1s de 15.000 empleos gestionados. Pero, para el CEO de Aiudo, las cifras solo tienen sentido cuando se traducen en historias concretas.<\/p><p class='parrafocount'><p class='parrafocount'>\u2014Hablamos de familias atendidas, pero eran familias que muchas veces se encontraban solas y que vieron en Aiudo una oportunidad para cambiar su situaci\u00f3n. En mayor o menor medida, lo habr\u00e1n conseguido. Eso es lo que m\u00e1s orgullo me produce.<\/p>[vc_single_image image=\u00bb161776&#8243; img_size=\u00bblarge\u00bb alignment=\u00bbcenter\u00bb][vc_column_text css=\u00bb.vc_custom_1784892148384{margin-bottom: 30px !important;}\u00bb]<\/p>\n<h6 style=\"text-align: center\">Una cuidadora bien seleccionada puede cambiar la vida de una familia.<\/h6>\n<p>[\/vc_column_text]<p class=\"parrafocount\"><\/p><p class='parrafocount'><h3>\u00abElla ya es una m\u00e1s de la casa\u00bb<\/h3><p class='parrafocount'><p class='parrafocount'>Entre las frases que m\u00e1s se repiten despu\u00e9s de iniciar un servicio de cuidados hay una que resume la relaci\u00f3n que puede llegar a construirse entre una cuidadora y una familia: \u00abElla ya es una m\u00e1s de la casa\u00bb.<\/p><p class='parrafocount'><p class='parrafocount'>Para Ibiza, escuchar esa expresi\u00f3n demuestra que el proceso ha funcionado. Una persona desconocida entra en un domicilio y, apenas dos meses despu\u00e9s, ocupa un lugar de confianza en la vida cotidiana de la persona mayor.<\/p><p class='parrafocount'><p class='parrafocount'>Tambi\u00e9n recuerda a familiares que describen a la cuidadora como \u00ablo mejor que les ha pasado en la vida\u00bb. Son testimonios que, seg\u00fan explica, permiten comprobar que el impacto de los cuidados va mucho m\u00e1s all\u00e1 de la asistencia f\u00edsica.<\/p><p class='parrafocount'><blockquote><p class='parrafocount'>\u00abMuchas familias nos dicen que la cuidadora ha sido lo mejor que les ha pasado. Es una forma de ver cumplido nuestro objetivo\u00bb<\/p><\/blockquote><p class='parrafocount'><p class='parrafocount'>Espa\u00f1a afronta, sin embargo, un desaf\u00edo estructural. El aumento de la esperanza de vida y el progresivo envejecimiento de la poblaci\u00f3n obligar\u00e1n a ampliar y transformar los recursos asistenciales durante las pr\u00f3ximas d\u00e9cadas.<\/p><p class='parrafocount'><p class='parrafocount'><strong>\u2014\u00bfEstamos preparados para afrontar ese envejecimiento?<\/strong><br \/><p class='parrafocount'>\u2014No tanto como me gustar\u00eda. Seguimos actuando de una forma demasiado reparadora y asistencial. La prevenci\u00f3n todav\u00eda no juega el papel que deber\u00eda y muchas veces llegamos cuando el problema ya se ha producido.<\/p><p class='parrafocount'><p class='parrafocount'>Una persona mayor que vive sola y tiene reconocida una situaci\u00f3n de dependencia dispone de distintos recursos para acceder a cuidados, pero resultan insuficientes. No estamos cubriendo todas las necesidades y, adem\u00e1s, existe una carga burocr\u00e1tica enorme.<\/p><p class='parrafocount'><p class='parrafocount'>No obstante, tambi\u00e9n contamos con una estructura madura de servicios de atenci\u00f3n domiciliaria. Hay que ponerla en valor, desarrollarla, dotarla de recursos y hacerla m\u00e1s \u00e1gil. Debemos ofrecer una respuesta m\u00e1s temprana y garantizar que los cuidados tambi\u00e9n lleguen a las zonas rurales.<\/p><p class='parrafocount'><h3>El hogar como espacio de autonom\u00eda<\/h3><p class='parrafocount'><p class='parrafocount'>Cuando una familia contacta por primera vez con Aiudo, el precio suele ser una de sus principales preocupaciones. Muchas personas no reciben ayudas p\u00fablicas y tienen que recurrir a los ahorros de la persona mayor o a los de sus hijos.<\/p><p class='parrafocount'><p class='parrafocount'>La segunda gran inquietud es qui\u00e9n entrar\u00e1 en casa y c\u00f3mo encajar\u00e1 con el familiar. A eso se suman la culpa, las dificultades de conciliaci\u00f3n, la indecisi\u00f3n entre hermanos y el miedo a asumir decisiones importantes.<\/p><p class='parrafocount'><p class='parrafocount'>\u00abHay muchos asuntos familiares que permanecen debajo de la superficie y hacen que todo sea m\u00e1s complicado\u00bb, explica Ibiza.<\/p><p class='parrafocount'><p class='parrafocount'>En la mayor\u00eda de los casos, la persona mayor expresa un deseo claro: permanecer en su hogar. La casa representa autonom\u00eda, libertad y pertenencia. Es el lugar en el que ha criado a sus hijos, ha compartido d\u00e9cadas con su pareja y ha construido su identidad.<\/p><p class='parrafocount'><blockquote><p class='parrafocount'>\u00abEl hogar no es solo un espacio f\u00edsico: representa autonom\u00eda, libertad, recuerdos y pertenencia\u00bb<\/p><\/blockquote><p class='parrafocount'><p class='parrafocount'>Abandonarlo puede acelerar, en determinados casos, el deterioro f\u00edsico y cognitivo. Por eso, el domicilio desempe\u00f1a un papel que no siempre puede medirse \u00fanicamente en t\u00e9rminos econ\u00f3micos o asistenciales.<\/p><p class='parrafocount'><h3>Dignificar a quien cuida<\/h3><p class='parrafocount'><p class='parrafocount'>En diez a\u00f1os tambi\u00e9n ha cambiado la consideraci\u00f3n social de los cuidadores. Cuando Aiudo comenz\u00f3, su trabajo era mucho m\u00e1s invisible. Hoy, el bienestar del profesional, la prevenci\u00f3n del desgaste y la necesidad de reconocimiento forman parte habitual del debate.<\/p><p class='parrafocount'><p class='parrafocount'>Para avanzar, Ibiza considera fundamental ofrecer herramientas de comunicaci\u00f3n ante urgencias, formaci\u00f3n continua, reciclaje profesional y conocimientos sobre primeros auxilios. Tambi\u00e9n destaca el papel del cuidador en la creaci\u00f3n de entornos dom\u00e9sticos seguros, mediante una iluminaci\u00f3n adecuada, la reducci\u00f3n de barreras arquitect\u00f3nicas o la retirada de mobiliario peligroso.<\/p><p class='parrafocount'><p class='parrafocount'><strong>\u2014\u00bfQu\u00e9 nos han ense\u00f1ado las personas mayores despu\u00e9s de una d\u00e9cada escuch\u00e1ndolas?<\/strong><br \/><p class='parrafocount'>\u2014Nos han ense\u00f1ado paciencia. En ocasiones hemos visto a hijos mucho m\u00e1s acelerados y estresados por el cuidado que la propia persona mayor.<\/p><p class='parrafocount'><p class='parrafocount'>Tambi\u00e9n hemos visto a personas mayores actuar como intermediarias entre la familia, el cuidador y la empresa. Y, sobre todo, nos han ense\u00f1ado que tienen que poder decir c\u00f3mo desean ser cuidadas y en qu\u00e9 aspectos quieren mantener su autonom\u00eda.<\/p><p class='parrafocount'><p class='parrafocount'>Debemos avanzar hacia una sociedad que las escuche.<\/p><p class='parrafocount'><blockquote><p class='parrafocount'>\u00abLa persona mayor tiene que poder decir c\u00f3mo quiere ser cuidada y en qu\u00e9 aspectos desea conservar su autonom\u00eda\u00bb<\/p><\/blockquote><p class='parrafocount'><p class='parrafocount'><\/p>[vc_single_image image=\u00bb161777&#8243; img_size=\u00bblarge\u00bb alignment=\u00bbcenter\u00bb][vc_column_text css=\u00bb.vc_custom_1784892246722{margin-bottom: 30px !important;}\u00bb]<\/p>\n<h6 style=\"text-align: center\">Equipo inicial de Aiudo en Lanzadera.<\/h6>\n<p>[\/vc_column_text]<p class=\"parrafocount\"><\/p><p class='parrafocount'><h3>El futuro: anticiparse a la dependencia<\/h3><p class='parrafocount'><p class='parrafocount'>Cuando piensa en los pr\u00f3ximos cinco o diez a\u00f1os, Daniel Ibiza no imagina una empresa que aparezca \u00fanicamente cuando existe una situaci\u00f3n de dependencia grave.<\/p><p class='parrafocount'><p class='parrafocount'>Su aspiraci\u00f3n es que Aiudo desempe\u00f1e un papel vanguardista en los servicios domiciliarios y que sea capaz de anticiparse a las distintas etapas vitales. El objetivo es ayudar a las personas mayores cuando todav\u00eda son aut\u00f3nomas, para que puedan conservar esa autonom\u00eda durante m\u00e1s tiempo.<\/p><p class='parrafocount'><p class='parrafocount'>\u2014Queremos ayudar a cientos de miles de personas a seguir siendo quienes son, evitando cambios abruptos en su d\u00eda a d\u00eda, traslados de domicilio o decisiones adoptadas por otras personas con las que no est\u00e9n de acuerdo.<\/p><p class='parrafocount'><p class='parrafocount'>Antes de concluir, el fundador de Aiudo resume el recorrido de la compa\u00f1\u00eda con una frase: \u00abEn Aiudo llevamos diez a\u00f1os demostrando que es posible ofrecer cuidados de calidad haciendo part\u00edcipes a la familia y a la persona mayor\u00bb.<\/p><p class='parrafocount'><p class='parrafocount'>Al pedirle una palabra que defina a los abuelos, elige \u00abhistoria\u00bb. Como valor aprendido de las personas mayores, escoge \u00abgenerosidad\u00bb. Cuando se le pregunta qu\u00e9 no deber\u00eda faltar nunca en una familia, responde \u00abrespeto\u00bb. Y resume el principal reto de los pr\u00f3ximos diez a\u00f1os con un verbo: \u00abevolucionar\u00bb.<\/p><p class='parrafocount'><p class='parrafocount'>Para las personas mayores, pide paciencia. \u00abLos cuidados van a mejorar\u00bb, asegura.<\/p><p class='parrafocount'><p class='parrafocount'>Y a todas las familias y personas que han confiado en Aiudo durante esta primera d\u00e9cada les dirige un mensaje final:<\/p><p class='parrafocount'><blockquote><p class='parrafocount'>\u00abGracias por confiar en nosotros. Nos hab\u00e9is ayudado a mejorar y seguimos trabajando para hacerlo cada d\u00eda mejor\u00bb<\/p><\/blockquote><p class='parrafocount'><p class='parrafocount'><\/p>[vc_single_image image=\u00bb161736&#8243; img_size=\u00bblarge\u00bb alignment=\u00bbcenter\u00bb][\/vc_column][\/vc_row][vc_row centrar=\u00bbtrue\u00bb el_class=\u00bbgrid grid-pad\u00bb][vc_column el_class=\u00bbcol-1-1 tablet-col-1-1&#8243;]\n        <div class='bloque'>\n         <div class='compartir'><p>Compartir<\/p><ul>\n                <li class='facebook'>\n                            <a href='https:\/\/www.facebook.com\/sharer\/sharer.php?u=https:\/\/lasprovincias.es\/content-local\/daniel-ibiza-ceo-de-aiudo-las-personas-mayores-deben-seguir-siendo-duenas-de-sus-decisiones\/' class='bcl-compartir-fb' target='_blank' title='Compartelo en Facebook' rel='nofollow'>\n                        <i class='facebook'><\/i>\n                    <\/a>\n                <\/li><li class='twitter'>\n                    <a href='https:\/\/twitter.com\/intent\/tweet?text=https:\/\/lasprovincias.es\/content-local\/daniel-ibiza-ceo-de-aiudo-las-personas-mayores-deben-seguir-siendo-duenas-de-sus-decisiones\/' class='bcl-compartir-tw twitter' target='_blank' title='Compartelo en Twitter' rel='nofollow'>\n                        <i class='twitter'><\/i>\n                    <\/a>\n                <\/li><li class='whatsapp'>\n                    <a href='whatsapp:\/\/send?text=https:\/\/lasprovincias.es\/content-local\/daniel-ibiza-ceo-de-aiudo-las-personas-mayores-deben-seguir-siendo-duenas-de-sus-decisiones\/' class='whatsapp' target='_blank' title='Compartelo en whatsapp' rel='nofollow'>\n                        <i class='whatsapp'><\/i>\n                    <\/a>\n                <\/li>\n                   <\/ul><\/div>\n        <div class='pie-ad '>\n            <p>Este contenido ha sido desarrollado por <b>Content Factory, la unidad de contenidos de marca de Vocento,<\/b> con <b>Aiudo<\/b>. En su elaboraci\u00f3n no ha intervenido la redacci\u00f3n de este medio.<\/p>\n        <\/div><\/div>[\/vc_column][\/vc_row]<\/p>\n","protected":false},"excerpt":{"rendered":"<p>La empresa valenciana de cuidados a domicilio celebra su d\u00e9cimo aniversario tras haber atendido a m\u00e1s de 11.000 familias y gestionado m\u00e1s de 15.000 empleos. Con motivo del D\u00eda de los Abuelos, su fundador reflexiona sobre envejecimiento, autonom\u00eda, familia y el futuro de los cuidados<\/p>\n","protected":false},"author":21,"featured_media":161734,"comment_status":"closed","ping_status":"closed","sticky":false,"template":"","format":"standard","meta":[],"categories":[1],"tags":[3811],"acf":[],"_links":{"self":[{"href":"\/content-local\/wp-json\/wp\/v2\/posts\/161719"}],"collection":[{"href":"\/content-local\/wp-json\/wp\/v2\/posts"}],"about":[{"href":"\/content-local\/wp-json\/wp\/v2\/types\/post"}],"author":[{"embeddable":true,"href":"\/content-local\/wp-json\/wp\/v2\/users\/21"}],"replies":[{"embeddable":true,"href":"\/content-local\/wp-json\/wp\/v2\/comments?post=161719"}],"version-history":[{"count":6,"href":"\/content-local\/wp-json\/wp\/v2\/posts\/161719\/revisions"}],"predecessor-version":[{"id":161778,"href":"\/content-local\/wp-json\/wp\/v2\/posts\/161719\/revisions\/161778"}],"wp:featuredmedia":[{"embeddable":true,"href":"\/content-local\/wp-json\/wp\/v2\/media\/161734"}],"wp:attachment":[{"href":"\/content-local\/wp-json\/wp\/v2\/media?parent=161719"}],"wp:term":[{"taxonomy":"category","embeddable":true,"href":"\/content-local\/wp-json\/wp\/v2\/categories?post=161719"},{"taxonomy":"post_tag","embeddable":true,"href":"\/content-local\/wp-json\/wp\/v2\/tags?post=161719"}],"curies":[{"name":"wp","href":"https:\/\/api.w.org\/{rel}","templated":true}]}}