
{"id":143094,"date":"2025-11-21T23:35:11","date_gmt":"2025-11-21T22:35:11","guid":{"rendered":"https:\/\/ms-contentfactory.srv.vocento.in\/contentfactorylocal\/?p=143094"},"modified":"2025-11-24T17:59:35","modified_gmt":"2025-11-24T16:59:35","slug":"mirabaud-wm-en-valencia-tradicion-talento-y-vision-a-largo-plazo","status":"publish","type":"post","link":"\/content-local\/mirabaud-wm-en-valencia-tradicion-talento-y-vision-a-largo-plazo\/","title":{"rendered":"Mirabaud WM en Valencia: tradici\u00f3n, talento y visi\u00f3n a largo plazo"},"content":{"rendered":"<p>[vc_row el_class=\u00bbcol-1-1 tablet-col-1-1&#8243;][vc_column el_class=\u00bbcol-1-1 tablet-col-1-1&#8243; css=\u00bb.vc_custom_1751453406601{margin-top: -15px !important;}\u00bb]\n        <div class='fullimg principal'>\n            <div class='tituloemergente'>\n                <div class='grid grid-pad'>\n                    <a class='open-btn close-nav quees' href=''>\n                        <span class='p-content'>MIRABAUD WEALTH MANAGEMENT<\/span>\n                    <\/a>\n                    <h1><strong>Mirabaud WM en Valencia: tradici\u00f3n, talento y visi\u00f3n a largo plazo<\/strong><p>Entrevista a Luis Capilla, responsable de la oficina de Valencia de Mirabaud WM<\/p><\/h1>\n                <\/div>\n            <\/div>\n        <figure class='videoPrincipal'><img src='\/content-local\/wp-content\/uploads\/sites\/10\/2025\/11\/portdaok-1-scaled.jpg'><\/figure><\/div>[\/vc_column][\/vc_row][vc_row centrar=\u00bbtrue\u00bb el_class=\u00bbgrid grid-pad\u00bb][vc_column el_class=\u00bbcol-1-1 tablet-col-1-1&#8243;]<div class='firmaRRSS '>\n       <div class='info'><address class='firmaAutor' data-autor='SUPLEMENTOS'> SUPLEMENTOS<\/address><time class='publicacion'>\n         21 noviembre, 2025 - 23:35<\/time><\/div>\n           <div class='compartir'><p>Compartir<\/p><ul>\n                <li class='facebook'>\n                            <a href='https:\/\/www.facebook.com\/sharer\/sharer.php?u=https:\/\/lasprovincias.es\/content-local\/mirabaud-wm-en-valencia-tradicion-talento-y-vision-a-largo-plazo\/' class='bcl-compartir-fb' data-voc-vtm-id='compartirrrss' data-voc-vtm-info='facebook' target='_blank' title='Compartelo en Facebook' rel='nofollow'>\n                        <i class='facebook'><\/i>\n                    <\/a>\n                <\/li><li class='twitter'>\n                    <a href='https:\/\/twitter.com\/intent\/tweet?text=https:\/\/lasprovincias.es\/content-local\/mirabaud-wm-en-valencia-tradicion-talento-y-vision-a-largo-plazo\/' class='bcl-compartir-tw twitter' data-voc-vtm-id='compartirrrss' data-voc-vtm-info='twitter' target='_blank' title='Compartelo en Twitter' rel='nofollow'>\n                        <i class='twitter'><\/i>\n                    <\/a>\n                <\/li><li class='whatsapp'>\n                    <a href='whatsapp:\/\/send?text=https:\/\/lasprovincias.es\/content-local\/mirabaud-wm-en-valencia-tradicion-talento-y-vision-a-largo-plazo\/' data-voc-vtm-id='compartirrrss' data-voc-vtm-info='whatsapp' class='whatsapp' target='_blank' title='Compartelo en whatsapp' rel='nofollow'>\n                        <i class='whatsapp'><\/i>\n                    <\/a>\n                <\/li>\n    \n    <\/ul><\/div><\/div>[\/vc_column][\/vc_row][vc_row centrar=\u00bbtrue\u00bb el_class=\u00bbgrid grid-pad\u00bb][vc_column el_class=\u00bbcol-10-12 tablet-col-1-1&#8243;][vc_single_image image=\u00bb143100&#8243; img_size=\u00bblarge\u00bb][vc_column_text css=\u00bb.vc_custom_1763037885816{margin-bottom: 40px !important;}\u00bb]<\/p>\n<h6 style=\"text-align: center\">De izquierda a derecha: Sergio Bernal, banquero de la oficina de\u00a0Mirabaud\u00a0WM en Valencia; Luis Capilla, responsable de la oficina; y Jos\u00e9 Gonz\u00e1lez, subdirector de la oficina.<\/h6>\n<p>[\/vc_column_text]<p class=\"parrafocount\"><strong>-Luis, cu\u00e9ntenos c\u00f3mo ha sido la evoluci\u00f3n de Mirabaud en Espa\u00f1a y, concretamente, en Valencia.<\/strong><br \/><p class='parrafocount'>&#8211;<a href=\"https:\/\/www.mirabaud.com\/\" target=\"_blank\" rel=\"noopener\">Mirabaud<\/a> lleg\u00f3 a Espa\u00f1a, incluida Valencia, en 2012. Sin embargo, su historia se remonta a 1819, en Ginebra, donde naci\u00f3 como un banco familiar. Hoy en d\u00eda, sigue en manos de la s\u00e9ptima generaci\u00f3n de la familia fundadora. Hemos ido creciendo de manera progresiva, con oficinas en Madrid, Barcelona y Valencia. En Mirabaud decimos que somos \u201cuna start-up de 200 a\u00f1os\u201d: una casa con dos siglos de historia que no ha dejado nunca de innovar y adaptarse al ritmo de sus clientes. Nuestra forma de entender la banca privada se apoya en cuatro valores que son mucho m\u00e1s que palabras: Independencia, Convicci\u00f3n, Responsabilidad y Pasi\u00f3n. Esta filosof\u00eda nos acompa\u00f1a en todo lo que hacemos.<\/p><p class='parrafocount'><p class='parrafocount'><strong>-\u00bfQu\u00e9 peso tiene la oficina de Valencia dentro de la estructura nacional de Mirabaud?<\/strong><br \/><p class='parrafocount'>-Contamos con un equipo de 4 profesionales, 2 de ellos banqueros especializados en la gesti\u00f3n de grandes patrimonios, y representamos algo m\u00e1s del 30% de la estructura nacional de gesti\u00f3n patrimonial del banco. Nuestra fortaleza reside en combinar un profundo conocimiento del mercado local con el respaldo y las sinergias que nos ofrece el grupo internacional. En Valencia trabajamos con una filosof\u00eda muy clara: ofrecer un servicio personalizado y cercano, con una visi\u00f3n de largo plazo. Acompa\u00f1amos a nuestros clientes, familias, grupos empresariales y family offices en cada decisi\u00f3n, ya sea de inversi\u00f3n, planificaci\u00f3n sucesoria o estructuraci\u00f3n patrimonial. De hecho, por nuestro enfoque y manera de trabajar, podr\u00edamos decir que funcionamos casi como un multifamily office. Mantenemos una total alineaci\u00f3n con las oficinas de Madrid y Barcelona, con las que trabajamos de forma coordinada y complementaria. Quienes formamos parte del Grupo Mirabaud remamos en la misma direcci\u00f3n, con una visi\u00f3n com\u00fan que nos permite ofrecer el mismo nivel de excelencia y servicio en toda Espa\u00f1a.<\/p><p class='parrafocount'><p class='parrafocount'><strong>-Mirabaud apuesta por atraer y retener talento. \u00bfC\u00f3mo se refleja esto en la oficina de Valencia?<\/strong><br \/><p class='parrafocount'>-El talento es el motor que impulsa nuestro trabajo en Valencia. En mayo de 2024 se incorpor\u00f3 Sergio Bernal, un profesional joven y muy prometedor, que ya ha sido nominado como finalista al premio al mejor banquero promesa de Citywire Espa\u00f1a 2025. Estamos encantados con su llegada y con la frescura que ha aportado al equipo. Estamos en proceso de incorporaci\u00f3n de nuevos profesionales que encajen con la filosof\u00eda de Mirabaud y con nuestros valores. Buscamos que encuentren en la entidad un espacio que les permita desarrollar su esp\u00edritu emprendedor. Para nosotros, no se trata solo de crecer en n\u00famero; buscamos personas que sean multidisciplinares y se comprometan de verdad con la excelencia en el servicio a nuestros clientes. Cada nueva incorporaci\u00f3n nos impulsa a seguir creciendo, afrontar nuevos retos como equipo y mantener la ilusi\u00f3n en todo lo que hacemos.<\/p><p class='parrafocount'><p class='parrafocount'><strong>-Mirabaud combina tradici\u00f3n e innovaci\u00f3n. \u00bfC\u00f3mo se refleja esto en la oficina de Valencia y qu\u00e9 la distingue del resto de plazas espa\u00f1olas?<\/strong><br \/><p class='parrafocount'>-En Valencia intentamos sacar lo mejor de ambos mundos. Por un lado, contamos con todas las herramientas y la tecnolog\u00eda que nos ofrece el grupo, que nos permiten estar a la vanguardia y ofrecer soluciones sofisticadas. Por otro, nunca perdemos el trato cercano y personalizado que nos gusta ofrecer a quienes conf\u00edan en nosotros. Nuestra experiencia local nos permite entender a fondo el mercado y el tejido empresarial de la regi\u00f3n, y sentirnos parte activa de su crecimiento y desarrollo. La combinaci\u00f3n de nuestra trayectoria local con la solvencia global del grupo ha posicionado a la oficina de Valencia por encima de los est\u00e1ndares internacionales de asesoramiento. Pero seguimos buscando superarnos cada d\u00eda. En un entorno como el nuestro, donde existen otras oficinas y entidades de primer nivel, entendemos la competencia como un impulso que nos anima a perfeccionar nuestro trabajo y a no acomodarnos.<\/p><p class='parrafocount'><p class='parrafocount'><strong>-\u00bfCu\u00e1les son los planes de futuro para la oficina de Valencia?<\/strong><br \/><p class='parrafocount'>-De cara al futuro, en Valencia nuestro principal objetivo es llegar a m\u00e1s clientes y seguir cuidando a quienes ya conf\u00edan en nosotros. Queremos continuar creciendo con un equipo s\u00f3lido e incorporar profesionales que aporten ideas nuevas. Por otro lado, la sostenibilidad y los criterios ESG seguir\u00e1n siendo pilares de nuestra manera de trabajar. Miramos al futuro con la idea de que cada decisi\u00f3n que tomemos genere un impacto positivo, no solo para nuestros clientes, sino tambi\u00e9n para la comunidad. Adem\u00e1s, trabajamos para potenciar las sinergias con las oficinas de Madrid y Barcelona y as\u00ed ofrecer soluciones m\u00e1s completas. Tambi\u00e9n nos gusta explorar alianzas con otras firmas que aporten valor. En abril anunciamos junto a AltamarCAM una estrategia evergreen semil\u00edquida enfocada en la inversi\u00f3n en capital privado en todo el mundo. Este tipo de colaboraciones nos permite ofrecer soluciones exclusivas y adaptadas a nuestros clientes en Mirabaud. Asimismo, Mirabaud ofrece alternativas de inversi\u00f3n muy actuales, como los hedge funds. Con nuestro fondo Haussmann, que tiene el honor de ser el primer fondo de fondos de hedge funds del mundo desde 1974, contamos con una posici\u00f3n privilegiada que pueden aprovechar tanto nuestros clientes actuales como los potenciales. Con todo esto, miramos al futuro con confianza. Sabemos que factores como la inestabilidad geopol\u00edtica, los tipos de inter\u00e9s o la inflaci\u00f3n pueden influir en los mercados, pero nuestra hoja de ruta nos permite seguir ofreciendo un servicio de calidad, como siempre lo ha hecho Mirabaud.<\/p><p class='parrafocount'><p class='parrafocount'><strong>-Ahora hablemos de usted. \u00bfC\u00f3mo empez\u00f3 su andadura en el mundo financiero?<\/strong><br \/><p class='parrafocount'>-Mi v\u00ednculo con el mundo financiero viene de familia. Desde peque\u00f1o conviv\u00ed con el ambiente bancario y con la contabilidad gracias a mi padre y a mi abuelo, que fueron una gran inspiraci\u00f3n. Estudi\u00e9 Empresariales en la Universidad de Valencia y, desde entonces, he desarrollado mi carrera en el sector financiero, siempre muy ligado a la gesti\u00f3n patrimonial y al trato directo con los clientes. Despu\u00e9s de m\u00e1s de 30 a\u00f1os, sigo disfrutando de este trabajo como el primer d\u00eda, especialmente por la relaci\u00f3n de confianza que se construye con cada familia.<\/p><p class='parrafocount'><p class='parrafocount'><strong>-Para cerrar, Luis, \u00bfqu\u00e9 consejo dar\u00eda a quienes quieren empezar a trabajar en el mundo de la banca privada?<\/strong><br \/><p class='parrafocount'>-Esta profesi\u00f3n exige pasi\u00f3n, curiosidad y constancia. Hay que entender a las personas, escuchar sus necesidades y acompa\u00f1arlas en decisiones importantes de su vida y de su patrimonio. Quien se adentra en este mundo debe estar dispuesto a aprender constantemente, a adaptarse y, sobre todo, a trabajar con responsabilidad y discreci\u00f3n. Y, por supuesto, disfrutar del camino, porque cada cliente es distinto y siempre aporta algo nuevo.<\/p>[vc_video link=\u00bbhttps:\/\/www.youtube.com\/watch?v=vbBkC-eY78I\u00bb css=\u00bb.vc_custom_1763764500465{margin-top: 40px !important;margin-bottom: 40px !important;}\u00bb][\/vc_column][\/vc_row][vc_row centrar=\u00bbtrue\u00bb el_class=\u00bbgrid grid-pad\u00bb][vc_column el_class=\u00bbcol-1-1 tablet-col-1-1&#8243;]\n        <div class='bloque'>\n         <div class='compartir'><p>Compartir<\/p><ul>\n                <li class='facebook'>\n                            <a href='https:\/\/www.facebook.com\/sharer\/sharer.php?u=https:\/\/lasprovincias.es\/content-local\/mirabaud-wm-en-valencia-tradicion-talento-y-vision-a-largo-plazo\/' class='bcl-compartir-fb' target='_blank' title='Compartelo en Facebook' rel='nofollow'>\n                        <i class='facebook'><\/i>\n                    <\/a>\n                <\/li><li class='twitter'>\n                    <a href='https:\/\/twitter.com\/intent\/tweet?text=https:\/\/lasprovincias.es\/content-local\/mirabaud-wm-en-valencia-tradicion-talento-y-vision-a-largo-plazo\/' class='bcl-compartir-tw twitter' target='_blank' title='Compartelo en Twitter' rel='nofollow'>\n                        <i class='twitter'><\/i>\n                    <\/a>\n                <\/li><li class='whatsapp'>\n                    <a href='whatsapp:\/\/send?text=https:\/\/lasprovincias.es\/content-local\/mirabaud-wm-en-valencia-tradicion-talento-y-vision-a-largo-plazo\/' class='whatsapp' target='_blank' title='Compartelo en whatsapp' rel='nofollow'>\n                        <i class='whatsapp'><\/i>\n                    <\/a>\n                <\/li>\n                   <\/ul><\/div>\n        <div class='pie-ad '>\n            <p>Este contenido ha sido desarrollado por <b>Content Factory, la unidad de contenidos de marca de Vocento,<\/b> con <b>Mirabaud\u00a0WM<\/b>. En su elaboraci\u00f3n no ha intervenido la redacci\u00f3n de este medio.<\/p>\n        <\/div><\/div>[\/vc_column][\/vc_row]<\/p>\n","protected":false},"excerpt":{"rendered":"<p>[vc_row el_class=\u00bbcol-1-1 tablet-col-1-1&#8243;][vc_column el_class=\u00bbcol-1-1 tablet-col-1-1&#8243; css=\u00bb.vc_custom_1751453406601{margin-top: -15px !important;}\u00bb][\/vc_column][\/vc_row][vc_row centrar=\u00bbtrue\u00bb el_class=\u00bbgrid grid-pad\u00bb][vc_column el_class=\u00bbcol-1-1 tablet-col-1-1&#8243;][\/vc_column][\/vc_row][vc_row centrar=\u00bbtrue\u00bb el_class=\u00bbgrid grid-pad\u00bb][vc_column el_class=\u00bbcol-10-12 tablet-col-1-1&#8243;][vc_single_image image=\u00bb143100&#8243; img_size=\u00bblarge\u00bb][vc_column_text css=\u00bb.vc_custom_1763037885816{margin-bottom: 40px !important;}\u00bb] De izquierda a derecha: Sergio Bernal, banquero de la oficina de\u00a0Mirabaud\u00a0WM en Valencia; Luis Capilla, responsable de la oficina; y Jos\u00e9 Gonz\u00e1lez, subdirector de la oficina. [\/vc_column_text][vc_video link=\u00bbhttps:\/\/www.youtube.com\/watch?v=vbBkC-eY78I\u00bb css=\u00bb.vc_custom_1763764500465{margin-top: 40px !important;margin-bottom: 40px [&hellip;]<\/p>\n","protected":false},"author":21,"featured_media":143098,"comment_status":"closed","ping_status":"closed","sticky":false,"template":"","format":"standard","meta":[],"categories":[1],"tags":[3135],"acf":[],"_links":{"self":[{"href":"\/content-local\/wp-json\/wp\/v2\/posts\/143094"}],"collection":[{"href":"\/content-local\/wp-json\/wp\/v2\/posts"}],"about":[{"href":"\/content-local\/wp-json\/wp\/v2\/types\/post"}],"author":[{"embeddable":true,"href":"\/content-local\/wp-json\/wp\/v2\/users\/21"}],"replies":[{"embeddable":true,"href":"\/content-local\/wp-json\/wp\/v2\/comments?post=143094"}],"version-history":[{"count":2,"href":"\/content-local\/wp-json\/wp\/v2\/posts\/143094\/revisions"}],"predecessor-version":[{"id":143524,"href":"\/content-local\/wp-json\/wp\/v2\/posts\/143094\/revisions\/143524"}],"wp:featuredmedia":[{"embeddable":true,"href":"\/content-local\/wp-json\/wp\/v2\/media\/143098"}],"wp:attachment":[{"href":"\/content-local\/wp-json\/wp\/v2\/media?parent=143094"}],"wp:term":[{"taxonomy":"category","embeddable":true,"href":"\/content-local\/wp-json\/wp\/v2\/categories?post=143094"},{"taxonomy":"post_tag","embeddable":true,"href":"\/content-local\/wp-json\/wp\/v2\/tags?post=143094"}],"curies":[{"name":"wp","href":"https:\/\/api.w.org\/{rel}","templated":true}]}}