
{"id":121452,"date":"2025-02-19T17:32:54","date_gmt":"2025-02-19T16:32:54","guid":{"rendered":"https:\/\/ms-contentfactory.srv.vocento.in\/contentfactorylocal\/?p=121452"},"modified":"2025-02-25T17:38:33","modified_gmt":"2025-02-25T16:38:33","slug":"garantizar-la-igualdad-de-genero-para-alcanzar-la-sostenibilidad-empresarial","status":"publish","type":"post","link":"\/content-local\/garantizar-la-igualdad-de-genero-para-alcanzar-la-sostenibilidad-empresarial\/","title":{"rendered":"Garantizar la igualdad de g\u00e9nero para alcanzar la sostenibilidad empresarial"},"content":{"rendered":"<p>[vc_row][vc_column][vc_column_text]<\/p>\n<div>\n<p>[\/vc_column_text][\/vc_column][\/vc_row][vc_row el_class=\u00bbcol-1-1 tablet-col-1-1&#8243;][vc_column el_class=\u00bbcol-1-1 tablet-col-1-1&#8243;]\n        <div class='fullimg principal'>\n            <div class='tituloemergente'>\n                <div class='grid grid-pad'>\n                    <a class='open-btn close-nav quees' href=''>\n                        <span class='p-content'>S\u00c1NCHEZ BUTR\u00d3N ABOGADOS<\/span>\n                    <\/a>\n                    <h1><strong>Garantizar la igualdad de g\u00e9nero para alcanzar la sostenibilidad empresarial<\/strong><p><span style=\"font-weight: 400\">Entrevista a Gloria Pareja, abogada y socia de S\u00e1nchez Butr\u00f3n Abogados<\/span><\/p><\/h1>\n                <\/div>\n            <\/div>\n        <figure class='videoPrincipal'><img src='\/content-local\/wp-content\/uploads\/sites\/10\/2025\/02\/sanchez.png'><\/figure><\/div>[\/vc_column][\/vc_row][vc_row centrar=\u00bbtrue\u00bb el_class=\u00bbgrid grid-pad\u00bb][vc_column el_class=\u00bbcol-1-1 tablet-col-1-1&#8243;]<div class='firmaRRSS '>\n       <div class='info'><address class='firmaAutor' data-autor='EXTRA'> EXTRA<\/address><time class='publicacion'>\n         19 febrero, 2025 - 17:32<\/time><\/div>\n           <div class='compartir'><p>Compartir<\/p><ul>\n                <li class='facebook'>\n                            <a href='https:\/\/www.facebook.com\/sharer\/sharer.php?u=https:\/\/lasprovincias.es\/content-local\/garantizar-la-igualdad-de-genero-para-alcanzar-la-sostenibilidad-empresarial\/' class='bcl-compartir-fb' data-voc-vtm-id='compartirrrss' data-voc-vtm-info='facebook' target='_blank' title='Compartelo en Facebook' rel='nofollow'>\n                        <i class='facebook'><\/i>\n                    <\/a>\n                <\/li><li class='twitter'>\n                    <a href='https:\/\/twitter.com\/intent\/tweet?text=https:\/\/lasprovincias.es\/content-local\/garantizar-la-igualdad-de-genero-para-alcanzar-la-sostenibilidad-empresarial\/' class='bcl-compartir-tw twitter' data-voc-vtm-id='compartirrrss' data-voc-vtm-info='twitter' target='_blank' title='Compartelo en Twitter' rel='nofollow'>\n                        <i class='twitter'><\/i>\n                    <\/a>\n                <\/li><li class='whatsapp'>\n                    <a href='whatsapp:\/\/send?text=https:\/\/lasprovincias.es\/content-local\/garantizar-la-igualdad-de-genero-para-alcanzar-la-sostenibilidad-empresarial\/' data-voc-vtm-id='compartirrrss' data-voc-vtm-info='whatsapp' class='whatsapp' target='_blank' title='Compartelo en whatsapp' rel='nofollow'>\n                        <i class='whatsapp'><\/i>\n                    <\/a>\n                <\/li>\n    \n    <\/ul><\/div><\/div>[\/vc_column][\/vc_row][vc_row centrar=\u00bbtrue\u00bb el_class=\u00bbgrid grid-pad\u00bb][vc_column el_class=\u00bbcol-10-12 tablet-col-1-1&#8243;]<p class=\"parrafocount\"><span style=\"font-weight: 400\">Licenciada en Derecho por la Universidad de Alicante y abogada en ejercicio desde el a\u00f1o 2000, Gloria Pareja es abogada por vocaci\u00f3n y de muy temprana elecci\u00f3n, cuya influencia familiar le condujo a especializarse en derecho Urban\u00edstico e Inmobiliario. Adem\u00e1s, posee una amplia formaci\u00f3n con posgrado en Derecho Administrativo y Medioambiental y M\u00e1ster en Estudios Urban\u00edsticos e Inmobiliarios.\u00a0<\/strong><\/p><p class='parrafocount'><p class='parrafocount'><span style=\"font-weight: 400\">Gloria ha sido incluida en los directorios internacionales m\u00e1s importantes del mundo jur\u00eddico y empresarial, destacando entre las mejores letradas de Espa\u00f1a en Litigios Comerciales, Derecho Urban\u00edstico e Inmobiliario y Derecho Laboral por Leaders League, siendo adem\u00e1s reconocida como abogada del a\u00f1o en 2022 y 2024 por Best Lawyers.\u00a0<\/strong><\/p><p class='parrafocount'><p class='parrafocount'><span style=\"font-weight: 400\">Desde hace m\u00e1s de veinte a\u00f1os es socia de <\/strong><a href=\"https:\/\/sanchezbutron.com\/?gad_source=1&amp;gclid=CjwKCAiAn9a9BhBtEiwAbKg6fvCC8KUbNGrbZdTPy5cllolm5u0lwx15sX3ObGGp8ketgck2v_azNhoCqTAQAvD_BwE\" target=\"_blank\" rel=\"noopener\"><span style=\"font-weight: 400\">S\u00e1nchez Butr\u00f3n Abogados<\/strong><\/a><span style=\"font-weight: 400\">, despacho de referencia a nivel nacional con sede en Alicante y oficinas en Madrid, Torrevieja y San Vicente.<\/strong><\/p><p class='parrafocount'><p class='parrafocount'><strong>-Para usted, \u00bfqu\u00e9 significa ser una mujer empoderada?\u00a0<\/strong><\/p><p class='parrafocount'><p class='parrafocount'><span style=\"font-weight: 400\">-Para m\u00ed, el empoderamiento de una mujer es la capacidad, la habilidad de dirigirse e influenciar en un curso de acontecimientos que viene predeterminado por la cultura y el sistema dominante, para dirigirlo a sus necesidades y deseos personales, m\u00e1s all\u00e1 del g\u00e9nero y sus patrones. Y ese empoderamiento personal, sin duda alguna, tambi\u00e9n tendr\u00e1 su efecto e influir\u00e1 en el curso de acontecimientos de otras mujeres a las que podr\u00e1 inspirar a no tener que seguir los roles impuestos.\u00a0<\/strong><\/p><p class='parrafocount'><p class='parrafocount'><b>-A su juicio, \u00bfqu\u00e9 queda por hacer para lograr la igualdad real entre hombres y mujeres?\u00a0<\/b><\/p><p class='parrafocount'><p class='parrafocount'><span style=\"font-weight: 400\">-Para llegar a la igualdad real queda un largo recorrido por hacer, pero a largo plazo y de modo intenso, las sociedades m\u00e1s avanzadas en la protecci\u00f3n de los derechos de las personas, de las mujeres y ni\u00f1as, deben seguir reclamando sin cesar. A nivel internacional, estas semanas ha sido noticia un triste acontecimiento internacional, la legalizaci\u00f3n de matrimonios con ni\u00f1as en Irak, lo que es un claro ejemplo de la necesidad mundial de seguir luchando para conseguir la igualdad de la mujer y la protecci\u00f3n de los derechos de las mujeres y ni\u00f1as.<\/strong><\/p>[vc_single_image image=\u00bb121455&#8243; img_size=\u00bblarge\u00bb]<p class=\"parrafocount\"><\/p><p class='parrafocount'><h5><span style=\"font-weight: 400\">Gloria Pareja, abogada y socia de S\u00e1nchez Butr\u00f3n Abogados <\/strong><\/h5><p class='parrafocount'><p class='parrafocount'><span style=\"font-weight: 400\">Pero tambi\u00e9n a nivel regional y estatal se debe de seguir impulsando con pol\u00edticas activas para la eliminaci\u00f3n de barreras sist\u00e9micas que siguen existiendo en nuestra sociedad patriarcal, con educaci\u00f3n, empleo y liderazgo de las mujeres, las ni\u00f1as y j\u00f3venes, para poder alcanzar la igualdad tanto en las esferas p\u00fablicas como en las privadas.\u00a0<\/strong><\/p><p class='parrafocount'><p class='parrafocount'><span style=\"font-weight: 400\">Este a\u00f1o se celebra el XXX aniversario de la Conferencia de Beijing 1995, la Cuarta Conferencia Mundial de la Mujer de la ONU, que marc\u00f3 un punto de inflexi\u00f3n para la agenda mundial de igualdad de g\u00e9nero cuando, en el ep\u00edgrafe 14, se plasm\u00f3 por escrito que los derechos de la mujer son considerados derechos humanos, que hasta entonces no se recog\u00eda. Un dato muy significativo y trascendental a tener en cuenta.\u00a0<\/strong><\/p><p class='parrafocount'><p class='parrafocount'><b>-En su empresa, \u00bfc\u00f3mo se est\u00e1 trabajando para alcanzar esa igualdad?\u00a0<\/b><\/p><p class='parrafocount'><p class='parrafocount'><span style=\"font-weight: 400\">-En S\u00e1nchez Butr\u00f3n Abogados, siguiendo nuestro compromiso para contribuir a un futuro mejor y m\u00e1s sostenible, nos hemos adherido al Pacto Mundial de la ONU y los Objetivos de Desarrollo Sostenible marcados en la Agenda 2030, poniendo especial \u00e9nfasis en el objetivo quinto, que est\u00e1 dedicado a la igualdad de g\u00e9nero.\u00a0<\/strong><\/p><p class='parrafocount'><p class='parrafocount'><span style=\"font-weight: 400\">De este modo, aplicamos medidas efectivas que garantizan la igualdad de oportunidades de mujeres y hombres en cuanto al acceso, selecci\u00f3n, contrataci\u00f3n, promoci\u00f3n, formaci\u00f3n y condiciones laborales. Adem\u00e1s, promovemos la corresponsabilidad y la conciliaci\u00f3n de la vida laboral, familiar y personal, y garantizamos la igualdad de retribuci\u00f3n por trabajos de igual valor.\u00a0<\/strong><\/p><p class='parrafocount'><p class='parrafocount'><span style=\"font-weight: 400\">Paralelamente a la aplicaci\u00f3n de medidas laborales, intentamos visibilizar y apoyar a las j\u00f3venes en diversos sectores y dentro de nuestro \u00e1mbito de actuaci\u00f3n para promover la presencia femenina en el \u00e1mbito de la pol\u00edtica, la ciencia, la educaci\u00f3n, la econom\u00eda y la tecnolog\u00eda.\u00a0<\/strong><\/p><p class='parrafocount'><p class='parrafocount'><b>-\u00bfQu\u00e9 aporta el liderazgo femenino a S\u00e1nchez Butr\u00f3n Abogados?\u00a0<\/b><\/p><p class='parrafocount'><p class='parrafocount'><span style=\"font-weight: 400\">-El liderazgo femenino implica diversidad, une perspectivas diferentes en el entorno laboral ye aporta m\u00e1s empat\u00eda y colaboraci\u00f3n, adem\u00e1s de una mayor equidad, eficiencia y creatividad. Sin duda, apoya la conciliaci\u00f3n familiar, el bienestar personal y la sostenibilidad.\u00a0<\/strong><\/p><p class='parrafocount'><p class='parrafocount'><span style=\"font-weight: 400\">En S\u00e1nchez Butr\u00f3n el liderazgo femenino ha aportado todos estos valores, as\u00ed como la consolidaci\u00f3n de la igualdad laboral, que siempre es beneficiosa a nivel competitivo.\u00a0<\/strong><\/p><p class='parrafocount'><p class='parrafocount'><b>-Ante la actual coyuntura \u00bfqu\u00e9 beneficios aporta la mirada femenina?\u00a0<\/b><\/p><p class='parrafocount'><p class='parrafocount'><span style=\"font-weight: 400\">-A nivel empresarial, la mirada femenina implica una organizaci\u00f3n m\u00e1s horizontal y menos jer\u00e1rquica, propia de la capacidad m\u00e1s desarrollada de las mujeres para la gesti\u00f3n emocional. Aporta diversidad, que genera mayor creatividad y, a su vez, repercute en la sostenibilidad. Todo ello incrementa y mejora la reputaci\u00f3n corporativa de la empresa. Solo tiene beneficios e implicaciones positivas, en todas las esferas.<\/strong><\/p>[\/vc_column][\/vc_row][vc_row centrar=\u00bbtrue\u00bb el_class=\u00bbgrid grid-pad\u00bb][vc_column el_class=\u00bbcol-1-1 tablet-col-1-1&#8243;]\n        <div class='bloque'>\n         <div class='compartir'><p>Compartir<\/p><ul>\n                <li class='facebook'>\n                            <a href='https:\/\/www.facebook.com\/sharer\/sharer.php?u=https:\/\/lasprovincias.es\/content-local\/garantizar-la-igualdad-de-genero-para-alcanzar-la-sostenibilidad-empresarial\/' class='bcl-compartir-fb' target='_blank' title='Compartelo en Facebook' rel='nofollow'>\n                        <i class='facebook'><\/i>\n                    <\/a>\n                <\/li><li class='twitter'>\n                    <a href='https:\/\/twitter.com\/intent\/tweet?text=https:\/\/lasprovincias.es\/content-local\/garantizar-la-igualdad-de-genero-para-alcanzar-la-sostenibilidad-empresarial\/' class='bcl-compartir-tw twitter' target='_blank' title='Compartelo en Twitter' rel='nofollow'>\n                        <i class='twitter'><\/i>\n                    <\/a>\n                <\/li><li class='whatsapp'>\n                    <a href='whatsapp:\/\/send?text=https:\/\/lasprovincias.es\/content-local\/garantizar-la-igualdad-de-genero-para-alcanzar-la-sostenibilidad-empresarial\/' class='whatsapp' target='_blank' title='Compartelo en whatsapp' rel='nofollow'>\n                        <i class='whatsapp'><\/i>\n                    <\/a>\n                <\/li>\n                   <\/ul><\/div>\n        <div class='pie-ad '>\n            <p>Este contenido ha sido desarrollado por <b>Content Factory, la unidad de contenidos de marca de Vocento,<\/b> con <b> CLIENTE<\/b>. En su elaboraci\u00f3n no ha intervenido la redacci\u00f3n de este medio.<\/p>\n        <\/div><\/div>[\/vc_column][\/vc_row][vc_row][vc_column][vc_column_text]<\/p>\n<\/div>\n<p>[\/vc_column_text][\/vc_column][\/vc_row]<\/p>\n","protected":false},"excerpt":{"rendered":"<p>[vc_row][vc_column][vc_column_text] [\/vc_column_text][\/vc_column][\/vc_row][vc_row el_class=\u00bbcol-1-1 tablet-col-1-1&#8243;][vc_column el_class=\u00bbcol-1-1 tablet-col-1-1&#8243;][\/vc_column][\/vc_row][vc_row centrar=\u00bbtrue\u00bb el_class=\u00bbgrid grid-pad\u00bb][vc_column el_class=\u00bbcol-1-1 tablet-col-1-1&#8243;][\/vc_column][\/vc_row][vc_row centrar=\u00bbtrue\u00bb el_class=\u00bbgrid grid-pad\u00bb][vc_column el_class=\u00bbcol-10-12 tablet-col-1-1&#8243;][vc_single_image image=\u00bb121455&#8243; img_size=\u00bblarge\u00bb][\/vc_column][\/vc_row][vc_row centrar=\u00bbtrue\u00bb el_class=\u00bbgrid grid-pad\u00bb][vc_column el_class=\u00bbcol-1-1 tablet-col-1-1&#8243;][\/vc_column][\/vc_row][vc_row][vc_column][vc_column_text] [\/vc_column_text][\/vc_column][\/vc_row]<\/p>\n","protected":false},"author":21,"featured_media":0,"comment_status":"closed","ping_status":"closed","sticky":false,"template":"","format":"standard","meta":[],"categories":[1],"tags":[2357],"acf":[],"_links":{"self":[{"href":"\/content-local\/wp-json\/wp\/v2\/posts\/121452"}],"collection":[{"href":"\/content-local\/wp-json\/wp\/v2\/posts"}],"about":[{"href":"\/content-local\/wp-json\/wp\/v2\/types\/post"}],"author":[{"embeddable":true,"href":"\/content-local\/wp-json\/wp\/v2\/users\/21"}],"replies":[{"embeddable":true,"href":"\/content-local\/wp-json\/wp\/v2\/comments?post=121452"}],"version-history":[{"count":3,"href":"\/content-local\/wp-json\/wp\/v2\/posts\/121452\/revisions"}],"predecessor-version":[{"id":122305,"href":"\/content-local\/wp-json\/wp\/v2\/posts\/121452\/revisions\/122305"}],"wp:attachment":[{"href":"\/content-local\/wp-json\/wp\/v2\/media?parent=121452"}],"wp:term":[{"taxonomy":"category","embeddable":true,"href":"\/content-local\/wp-json\/wp\/v2\/categories?post=121452"},{"taxonomy":"post_tag","embeddable":true,"href":"\/content-local\/wp-json\/wp\/v2\/tags?post=121452"}],"curies":[{"name":"wp","href":"https:\/\/api.w.org\/{rel}","templated":true}]}}