
{"id":120059,"date":"2025-02-10T12:32:49","date_gmt":"2025-02-10T11:32:49","guid":{"rendered":"https:\/\/ms-contentfactory.srv.vocento.in\/contentfactorylocal\/?p=120059"},"modified":"2025-02-25T16:55:40","modified_gmt":"2025-02-25T15:55:40","slug":"mujeres-extranjeras-emprendiendo-en-espana","status":"publish","type":"post","link":"\/content-local\/mujeres-extranjeras-emprendiendo-en-espana\/","title":{"rendered":"Mujeres extranjeras emprendiendo en Espa\u00f1a"},"content":{"rendered":"<p>[vc_row el_class=\u00bbcol-1-1 tablet-col-1-1&#8243;][vc_column el_class=\u00bbcol-1-1 tablet-col-1-1&#8243;]\n        <div class='fullimg principal'>\n            <div class='tituloemergente'>\n                <div class='grid grid-pad'>\n                    <a class='open-btn close-nav quees' href=''>\n                        <span class='p-content'>CONEXI\u00d3N VALENCIA<\/span>\n                    <\/a>\n                    <h1><strong>Mujeres extranjeras emprendiendo en Espa\u00f1a<\/strong><p><span style=\"font-weight: 400\">Entrevista a Mar\u00eda Luz Hamparsomian, CEO en Conexi\u00f3n Valencia.<\/span><\/p><\/h1>\n                <\/div>\n            <\/div>\n        <figure class='videoPrincipal'><img src='\/content-local\/wp-content\/uploads\/sites\/10\/2025\/02\/conexion-valencia.png'><\/figure><\/div>[\/vc_column][\/vc_row][vc_row centrar=\u00bbtrue\u00bb el_class=\u00bbgrid grid-pad\u00bb][vc_column el_class=\u00bbcol-1-1 tablet-col-1-1&#8243;]<div class='firmaRRSS '>\n       <div class='info'><address class='firmaAutor' data-autor='EXTRA'> EXTRA<\/address><time class='publicacion'>\n         10 febrero, 2025 - 12:32<\/time><\/div>\n           <div class='compartir'><p>Compartir<\/p><ul>\n                <li class='facebook'>\n                            <a href='https:\/\/www.facebook.com\/sharer\/sharer.php?u=https:\/\/lasprovincias.es\/content-local\/mujeres-extranjeras-emprendiendo-en-espana\/' class='bcl-compartir-fb' data-voc-vtm-id='compartirrrss' data-voc-vtm-info='facebook' target='_blank' title='Compartelo en Facebook' rel='nofollow'>\n                        <i class='facebook'><\/i>\n                    <\/a>\n                <\/li><li class='twitter'>\n                    <a href='https:\/\/twitter.com\/intent\/tweet?text=https:\/\/lasprovincias.es\/content-local\/mujeres-extranjeras-emprendiendo-en-espana\/' class='bcl-compartir-tw twitter' data-voc-vtm-id='compartirrrss' data-voc-vtm-info='twitter' target='_blank' title='Compartelo en Twitter' rel='nofollow'>\n                        <i class='twitter'><\/i>\n                    <\/a>\n                <\/li><li class='whatsapp'>\n                    <a href='whatsapp:\/\/send?text=https:\/\/lasprovincias.es\/content-local\/mujeres-extranjeras-emprendiendo-en-espana\/' data-voc-vtm-id='compartirrrss' data-voc-vtm-info='whatsapp' class='whatsapp' target='_blank' title='Compartelo en whatsapp' rel='nofollow'>\n                        <i class='whatsapp'><\/i>\n                    <\/a>\n                <\/li>\n    \n    <\/ul><\/div><\/div>[\/vc_column][\/vc_row][vc_row centrar=\u00bbtrue\u00bb el_class=\u00bbgrid grid-pad\u00bb][vc_column el_class=\u00bbcol-10-12 tablet-col-1-1&#8243;]<p class=\"parrafocount\"><span style=\"font-weight: 400\"><a href=\"https:\/\/www.youtube.com\/watch?v=bb5saey0zus&amp;t=1s\" target=\"_blank\" rel=\"nofollow noopener\">Mar\u00eda Luz Hamparsomian<\/a>, es Licenciada en Relaciones P\u00fablicas, Diplomada en gesti\u00f3n estrat\u00e9gica de negocios, docente, formadora, influencer y agente inmobiliaria.\u00a0<\/strong><\/p><p class='parrafocount'><p class='parrafocount'><span style=\"font-weight: 400\">Lleg\u00f3 desde Argentina a Valencia en 2020 y fund\u00f3 junto a su marido <a href=\"https:\/\/conexionvalencia.com\/\" target=\"_blank\" rel=\"nofollow noopener\">Conexi\u00f3n Valencia<\/a>\u00a0inmobiliaria\u00a0 especialista en inversiones extranjeras, gesti\u00f3n de alquileres y relocaci\u00f3n para migrantes y expatriados. Desde entonces han acompa\u00f1ado a m\u00e1s de 350 familias a cumplir sus sue\u00f1os migratorios y de inversi\u00f3n en la Comunidad Valenciana.\u00a0<\/strong><\/p><p class='parrafocount'><p class='parrafocount'><span style=\"font-weight: 400\">Adem\u00e1s, es embajadora de Expatladies en Valencia, comunidad que agrupa a mas de 200 mujeres migrantes e hispanohablantes, que se re\u00fanen mensualmente de forma presencial para tejer lazos y brindar una red de contenci\u00f3n.<\/strong><\/p><p class='parrafocount'><p class='parrafocount'><span style=\"font-weight: 400\">Desde su cuenta de <a href=\"https:\/\/www.instagram.com\/luzhamparsomian\/\" target=\"_blank\" rel=\"nofollow noopener\">Instagram<\/a> comparte el d\u00eda a d\u00eda de su empresa y la vida como expatriada en la ciudad.<\/strong><\/p><p class='parrafocount'><p class='parrafocount'><b>-Cu\u00e1les son los mayores desaf\u00edos a los que se enfrentan las mujeres extranjeras que quieren emprender en Espa\u00f1a?<\/b><\/p><p class='parrafocount'><p class='parrafocount'><span style=\"font-weight: 400\">-Emprender siempre es un desaf\u00edo, ser mujer con todo lo que implica a nivel familiar y social le pone un plus pero tambi\u00e9n es una oportunidad porque tenemos habilidades que son fundamentales y de las cuales podemos hacer uso.<\/strong><\/p><p class='parrafocount'><p class='parrafocount'><span style=\"font-weight: 400\">Tuve la experiencia de emprender en Argentina (ten\u00eda mi propia consultora de comunicaci\u00f3n y RRHH) y tambi\u00e9n hacerlo en Espa\u00f1a. Debo decir, que me sorprende que el sistema est\u00e9 m\u00e1s preparado para los trabajadores por cuenta ajena que para los aut\u00f3nomos.\u00a0<\/strong><\/p><p class='parrafocount'><p class='parrafocount'><span style=\"font-weight: 400\">Las peque\u00f1as y medianas empresas son una parte del tejido econ\u00f3mico que no debe subestimarse, muy por el contrario me extra\u00f1a que Espa\u00f1a no vea el potencial en acompa\u00f1ar y germinar (incluso desde lo tributario) a esas empresas. En Argentina hay un emprendedor debajo de cada piedra, y creo que es la clave por la que la econom\u00eda ha podido sostenerse a pesar de los avatares pol\u00edticos.\u00a0<\/strong><\/p><p class='parrafocount'><p class='parrafocount'><span style=\"font-weight: 400\">Espa\u00f1a a mi entender es un terreno f\u00e9rtil para emprender pero hay que entender las reglas de juego para tener una estrategia que permita el crecimiento sostenido. Hay que tener en cuenta que las mujeres extranjeras generalmente no podemos acceder a l\u00edneas de cr\u00e9dito, prestamos, ayudas a emprendedores por nuestra condici\u00f3n de migrante, independientemente de los a\u00f1os y la experiencia laboral o acad\u00e9mica que tengamos en nuestro pa\u00eds de origen, lo que implica hacer todo a pulm\u00f3n y con capital propio (o conseguir inversores externos), esto deja fuera de juego a muchas mujeres con potencial.\u00a0<\/strong><\/p><p class='parrafocount'><p class='parrafocount'><strong>-A su juicio, \u00bfqu\u00e9 queda por hacer para lograr la igualdad real entre hombres y mujeres?<\/strong><\/p><p class='parrafocount'><p class='parrafocount'><span style=\"font-weight: 400\">-Queda mucho por hacer, pero tengo fe en las generaciones que vienen, que est\u00e1n creciendo en entornos familiares donde la carga mental del cuidado de la familia, la casa y las tareas del d\u00eda a d\u00eda son equitativas. En \u00e9ste sentido, me gusta m\u00e1s hablar en t\u00e9rminos de equidad que de igualdad, ya que cada familia tiene acuerdos y no se trata de que sea todo igual para todos, sino de que sea equitativo en funci\u00f3n de las necesidades, acuerdos y compromisos que se establezcan entre todos los miembros de la familia.<\/strong><\/p>[vc_single_image image=\u00bb120067&#8243; img_size=\u00bblarge\u00bb]<p class=\"parrafocount\"><\/p><p class='parrafocount'><h5><span style=\"font-weight: 400\">Mar\u00eda Luz Hamparsomian, CEO en Conexi\u00f3n Valencia<\/strong><\/h5><p class='parrafocount'><p class='parrafocount'><span style=\"font-weight: 400\">En el \u00e1mbito empresarial me siento afortunada porque he trabajado en entornos y empresas donde se valoraba mi aporte y que fuera mujer, jam\u00e1s supuso un problema o un obst\u00e1culo para mi crecimiento.\u00a0<\/strong><\/p><p class='parrafocount'><p class='parrafocount'><span style=\"font-weight: 400\">He tenido el placer de compartir equipo con grandes mujeres de las que he aprendido y que han abierto camino, aqu\u00ed en Valencia adem\u00e1s de ser embajadora de Expatladies, soy parte del grupo Mujeres que Suman, en donde encuentro siempre inspiraci\u00f3n y ejemplo de la mano de grandes mujeres empresarias, emprendedoras y talentosas en sus \u00e1mbitos de influencia.<\/strong><\/p><p class='parrafocount'><p class='parrafocount'><strong>-\u00bfC\u00f3mo se expresa el liderazgo femenino en su empresa?<\/strong><\/p><p class='parrafocount'><p class='parrafocount'><span style=\"font-weight: 400\">-En \u00e9sta etapa me toc\u00f3 ser la cara visible de Conexi\u00f3n Valencia, pero no podr\u00eda hacer todo lo que hago (que es much\u00edsimo) si no tuviera el apoyo y respaldo, en la empresa y en casa, de mi marido Pablo.\u00a0<\/strong><\/p><p class='parrafocount'><p class='parrafocount'><span style=\"font-weight: 400\">Estamos juntos hace 17 a\u00f1os y si brillo en lo que hago es porque s\u00e9 que cuento con \u00e9l, es mi sost\u00e9n y junto con nuestro hijo el motor para querer crecer y desarrollarme. Emigrar en familia es un desaf\u00edo diario, estamos a 10.000 kil\u00f3metros de cualquier pariente, familiar, amigo o conocido, eso como familia te fusiona de forma extrema.\u00a0<\/strong><\/p><p class='parrafocount'><p class='parrafocount'><strong>-\u00bfQu\u00e9 oportunidades existen en Espa\u00f1a para las mujeres emprendedoras?<\/strong><\/p><p class='parrafocount'><p class='parrafocount'><span style=\"font-weight: 400\">-Much\u00edsimas, creo que emprender nos permite a las mujeres tener una ecuaci\u00f3n m\u00e1s equilibrada entre la vida personal y el trabajo, y eso se valora. Es cierto que al principio el camino no siempre es de rosas, y lograr ese equilibrio a veces supone una utop\u00eda, pero la creatividad femenina y nuestra habilidad para comunicar, crear, ejecutar en m\u00faltiples \u00e1mbitos son aspectos que nos favorecen y nos brindan una ventaja competitiva.\u00a0<\/strong><\/p><p class='parrafocount'><p class='parrafocount'><iframe loading=\"lazy\" title=\"Inversi\u00f3n a distancia - Comprar inmuebles en Valencia de forma remota *EXTRANJEROS Y NACIONALES\" width=\"500\" height=\"281\" src=\"https:\/\/www.youtube.com\/embed\/bb5saey0zus?start=1&#038;feature=oembed\" frameborder=\"0\" allow=\"accelerometer; autoplay; clipboard-write; encrypted-media; gyroscope; picture-in-picture; web-share\" referrerpolicy=\"strict-origin-when-cross-origin\" allowfullscreen><\/iframe><\/p><p class='parrafocount'><p class='parrafocount'><span style=\"font-weight: 400\">Hay que tener en cuenta que cuando se emigra entre todos los duelos que hacemos est\u00e1 el de la profesi\u00f3n, que no siempre es viable de ejercer aqu\u00ed (o por lo menos no de la misma manera). Por lo que nos toca reinventarnos, y emprender es una ventana de oportunidad para explorar otros \u00e1mbitos de inter\u00e9s o transformar un hobby en nuestra nueva profesi\u00f3n.<\/strong><\/p><p class='parrafocount'><p class='parrafocount'><span style=\"font-weight: 400\">Es cierto que a\u00fan hoy d\u00eda hay \u00e1mbitos dominados mayormente por hombres en ciertas industrias, pero esto poco a poco est\u00e1 cambiando. Las mujeres como l\u00edderes y emprendedoras tienen mucho que brindar a la sociedad.<\/strong><\/p><p class='parrafocount'><p class='parrafocount'><span style=\"font-weight: 400\">-\u00bf<\/strong><b>Qu\u00e9 le recomendar\u00eda a las mujeres que quieren emprender?<\/b><\/p><p class='parrafocount'><p class='parrafocount'><span style=\"font-weight: 400\">-Qu\u00e9 le suban el volumen a sus pensamientos, que planifiquen, proyecten y ejecuten. Y lo m\u00e1s importante, que silencien las opiniones externas. Podr\u00eda nombrar a muchas personas que nos dijeron que est\u00e1bamos locos cuando planteamos que quer\u00edamos vivir en Espa\u00f1a y que adem\u00e1s \u00edbamos a fundar nuestra empresa. Cada uno sabe de lo que es capaz, que nadie les robe su vida, solo ustedes pueden vivirla.<\/strong><\/p>[\/vc_column][\/vc_row][vc_row centrar=\u00bbtrue\u00bb el_class=\u00bbgrid grid-pad\u00bb][vc_column el_class=\u00bbcol-1-1 tablet-col-1-1&#8243;]\n        <div class='bloque'>\n         <div class='compartir'><p>Compartir<\/p><ul>\n                <li class='facebook'>\n                            <a href='https:\/\/www.facebook.com\/sharer\/sharer.php?u=https:\/\/lasprovincias.es\/content-local\/mujeres-extranjeras-emprendiendo-en-espana\/' class='bcl-compartir-fb' target='_blank' title='Compartelo en Facebook' rel='nofollow'>\n                        <i class='facebook'><\/i>\n                    <\/a>\n                <\/li><li class='twitter'>\n                    <a href='https:\/\/twitter.com\/intent\/tweet?text=https:\/\/lasprovincias.es\/content-local\/mujeres-extranjeras-emprendiendo-en-espana\/' class='bcl-compartir-tw twitter' target='_blank' title='Compartelo en Twitter' rel='nofollow'>\n                        <i class='twitter'><\/i>\n                    <\/a>\n                <\/li><li class='whatsapp'>\n                    <a href='whatsapp:\/\/send?text=https:\/\/lasprovincias.es\/content-local\/mujeres-extranjeras-emprendiendo-en-espana\/' class='whatsapp' target='_blank' title='Compartelo en whatsapp' rel='nofollow'>\n                        <i class='whatsapp'><\/i>\n                    <\/a>\n                <\/li>\n                   <\/ul><\/div>\n        <div class='pie-ad '>\n            <p>Este contenido ha sido desarrollado por <strong>Content Factory, la unidad de contenidos de marca de Vocento,<\/strong> con <strong> CLIENTE<\/strong>. En su elaboraci\u00f3n no ha intervenido la redacci\u00f3n de este medio.<\/p>\n        <\/div><\/div>[\/vc_column][\/vc_row]<\/p>\n","protected":false},"excerpt":{"rendered":"<p>[vc_row el_class=\u00bbcol-1-1 tablet-col-1-1&#8243;][vc_column el_class=\u00bbcol-1-1 tablet-col-1-1&#8243;][\/vc_column][\/vc_row][vc_row centrar=\u00bbtrue\u00bb el_class=\u00bbgrid grid-pad\u00bb][vc_column el_class=\u00bbcol-1-1 tablet-col-1-1&#8243;][\/vc_column][\/vc_row][vc_row centrar=\u00bbtrue\u00bb el_class=\u00bbgrid grid-pad\u00bb][vc_column el_class=\u00bbcol-10-12 tablet-col-1-1&#8243;][vc_single_image image=\u00bb120067&#8243; img_size=\u00bblarge\u00bb][\/vc_column][\/vc_row][vc_row centrar=\u00bbtrue\u00bb el_class=\u00bbgrid grid-pad\u00bb][vc_column el_class=\u00bbcol-1-1 tablet-col-1-1&#8243;][\/vc_column][\/vc_row]<\/p>\n","protected":false},"author":21,"featured_media":0,"comment_status":"closed","ping_status":"closed","sticky":false,"template":"","format":"standard","meta":[],"categories":[1],"tags":[2357],"acf":[],"_links":{"self":[{"href":"\/content-local\/wp-json\/wp\/v2\/posts\/120059"}],"collection":[{"href":"\/content-local\/wp-json\/wp\/v2\/posts"}],"about":[{"href":"\/content-local\/wp-json\/wp\/v2\/types\/post"}],"author":[{"embeddable":true,"href":"\/content-local\/wp-json\/wp\/v2\/users\/21"}],"replies":[{"embeddable":true,"href":"\/content-local\/wp-json\/wp\/v2\/comments?post=120059"}],"version-history":[{"count":3,"href":"\/content-local\/wp-json\/wp\/v2\/posts\/120059\/revisions"}],"predecessor-version":[{"id":122272,"href":"\/content-local\/wp-json\/wp\/v2\/posts\/120059\/revisions\/122272"}],"wp:attachment":[{"href":"\/content-local\/wp-json\/wp\/v2\/media?parent=120059"}],"wp:term":[{"taxonomy":"category","embeddable":true,"href":"\/content-local\/wp-json\/wp\/v2\/categories?post=120059"},{"taxonomy":"post_tag","embeddable":true,"href":"\/content-local\/wp-json\/wp\/v2\/tags?post=120059"}],"curies":[{"name":"wp","href":"https:\/\/api.w.org\/{rel}","templated":true}]}}