
{"id":115201,"date":"2024-12-03T11:49:13","date_gmt":"2024-12-03T10:49:13","guid":{"rendered":"https:\/\/ms-contentfactory.srv.vocento.in\/contentfactorylocal\/?p=115201"},"modified":"2024-12-04T13:37:06","modified_gmt":"2024-12-04T12:37:06","slug":"la-catedra-ia-vis-y-la-capitalidad-verde-de-valencia","status":"publish","type":"post","link":"\/content-local\/la-catedra-ia-vis-y-la-capitalidad-verde-de-valencia\/","title":{"rendered":"La C\u00e1tedra IA-Vis y la capitalidad verde de Valencia"},"content":{"rendered":"<p>[vc_row][vc_column][vc_column_text]<span style=\"font-weight: 400\">[\/vc_column_text][\/vc_column][\/vc_row][vc_row el_class=\u00bbcol-1-1 tablet-col-1-1&#8243;][vc_column el_class=\u00bbcol-1-1 tablet-col-1-1&#8243;]\n        <div class='fullimg principal'>\n            <div class='tituloemergente'>\n                <div class='grid grid-pad'>\n                    <a class='open-btn close-nav quees' href=''>\n                        <span class='p-content'>C\u00c1TEDRA IA-VIS<\/span>\n                    <\/a>\n                    <h1><strong>La C\u00e1tedra IA-Vis y la capitalidad verde de Valencia<\/strong><p><\/span><\/p>\n<p style=\"text-align: left\" align=\"justify\">Con motivo del reconocimiento de Valencia como Capital Verde Europea de 2024, se ha centrado en su an\u00e1lisis y difusi\u00f3n<\/p>\n<p><\/p><\/h1>\n                <\/div>\n            <\/div>\n        <figure class='videoPrincipal'><img src='\/content-local\/wp-content\/uploads\/sites\/10\/2024\/12\/image-17.png'><\/figure><\/div>[\/vc_column][\/vc_row][vc_row centrar=\u00bbtrue\u00bb el_class=\u00bbgrid grid-pad\u00bb][vc_column el_class=\u00bbcol-1-1 tablet-col-1-1&#8243;]<div class='firmaRRSS '>\n       <div class='info'><address class='firmaAutor' data-autor='EXTRA'> EXTRA<\/address><time class='publicacion'>\n         3 diciembre, 2024 - 11:49<\/time><\/div>\n           <div class='compartir'><p>Compartir<\/p><ul>\n                <li class='facebook'>\n                            <a href='https:\/\/www.facebook.com\/sharer\/sharer.php?u=https:\/\/lasprovincias.es\/content-local\/la-catedra-ia-vis-y-la-capitalidad-verde-de-valencia\/' class='bcl-compartir-fb' data-voc-vtm-id='compartirrrss' data-voc-vtm-info='facebook' target='_blank' title='Compartelo en Facebook' rel='nofollow'>\n                        <i class='facebook'><\/i>\n                    <\/a>\n                <\/li><li class='twitter'>\n                    <a href='https:\/\/twitter.com\/intent\/tweet?text=https:\/\/lasprovincias.es\/content-local\/la-catedra-ia-vis-y-la-capitalidad-verde-de-valencia\/' class='bcl-compartir-tw twitter' data-voc-vtm-id='compartirrrss' data-voc-vtm-info='twitter' target='_blank' title='Compartelo en Twitter' rel='nofollow'>\n                        <i class='twitter'><\/i>\n                    <\/a>\n                <\/li><li class='whatsapp'>\n                    <a href='whatsapp:\/\/send?text=https:\/\/lasprovincias.es\/content-local\/la-catedra-ia-vis-y-la-capitalidad-verde-de-valencia\/' data-voc-vtm-id='compartirrrss' data-voc-vtm-info='whatsapp' class='whatsapp' target='_blank' title='Compartelo en whatsapp' rel='nofollow'>\n                        <i class='whatsapp'><\/i>\n                    <\/a>\n                <\/li>\n    \n    <\/ul><\/div><\/div>[\/vc_column][\/vc_row][vc_row centrar=\u00bbtrue\u00bb el_class=\u00bbgrid grid-pad\u00bb][vc_column el_class=\u00bbcol-10-12 tablet-col-1-1&#8243;]<p class=\"parrafocount\">La <a href=\"https:\/\/iavis.uv.es\/\" target=\"_blank\" rel=\"noopener\">c\u00e1tedra IA-Vis de la Universitat de Val\u00e8ncia<\/a>, patrocinada por la Concejal\u00eda de Transparencia, Informaci\u00f3n y Defensa de la Ciudadan\u00eda del Ayuntamiento de Valencia, tiene como objetivo general fomentar el uso de t\u00e9cnicas de inteligencia artificial, visualizaci\u00f3n de informaci\u00f3n y tecnolog\u00edas web aplicadas a las relaciones entre la ciudadan\u00eda y el gobierno municipal, la transparencia y el uso de datos abiertos.<\/p><p class='parrafocount'><p class='parrafocount'>Este a\u00f1o, con motivo del reconocimiento por parte de la Uni\u00f3n Europea de Valencia como Capital Verde Europea de 2024, la c\u00e1tedra se ha centrado en el an\u00e1lisis y difusi\u00f3n de informaci\u00f3n de la ciudad alineada con esta tem\u00e1tica.<br \/><p class='parrafocount'>La directora de la c\u00e1tedra, Inmaculada Coma, profesora del departamento de Inform\u00e1tica de la ETSE-UV comenta algunos de los trabajos realizados este a\u00f1o por la c\u00e1tedra.<\/p><p class='parrafocount'><p class='parrafocount'><strong>-La C\u00e1tedra IA-vis explora los usos de la inteligencia artificial (IA) y la visualizaci\u00f3n de informaci\u00f3n. \u00bfQu\u00e9 pueden aportar estas tecnolog\u00edas a la salud medioambiental en la ciudad?<\/strong><\/p><p class='parrafocount'><p class='parrafocount'>-La ciudad de Valencia dispone once estaciones de contaminaci\u00f3n atmosf\u00e9rica que forman parte de la red de vigilancia de la Comunitat Valenciana. Estas estaciones miden en tiempo real un conjunto de contaminantes en el aire, que se recopilan y se publican en el portal de datos abiertos del ayuntamiento. Desde la c\u00e1tedra se ha desarrollado una aplicaci\u00f3n para la visualizaci\u00f3n de esta informaci\u00f3n relacionada con la calidad del aire en la ciudad, no s\u00f3lo en tiempo real, sino su evoluci\u00f3n hist\u00f3rica cuyo objetivo es difundir y facilitar la comprensi\u00f3n de esta informaci\u00f3n por parte de la ciudadan\u00eda. La aplicaci\u00f3n permite a los usuarios monitorizar la calidad del aire en la ciudad de Valencia mostrando de forma visual valores de calidad del aire en t\u00e9rminos cuantitativos pero tambi\u00e9n cualitativos -buena, regular&#8230;- y proporciona an\u00e1lisis gr\u00e1ficos interactivos y comprensibles. Adem\u00e1s, se ha integrado en la visualizaci\u00f3n los valores m\u00e1ximos recomendados por la legislaci\u00f3n espa\u00f1ola y por la OMS, de forma que sea f\u00e1cil saber si las concentraciones de contaminantes est\u00e1n por debajo de los umbrales cr\u00edticos. Estas herramientas nos han permitido concluir que los principales contaminantes medidos han disminuido en los \u00faltimos 15 a\u00f1os, a excepci\u00f3n del Ozono troposf\u00e9rico que ha aumentado, al igual que en todas las grandes ciudades, pero en el caso de Valencia no ha superado los umbrales cr\u00edticos.<\/p><p class='parrafocount'><p class='parrafocount'><\/p>[vc_single_image image=\u00bb115479&#8243; img_size=\u00bblarge\u00bb]<p class=\"parrafocount\"><span style=\"color: #ffffff\">.<\/strong><\/p><p class='parrafocount'><p class='parrafocount'><strong>-\u00bfLa contaminaci\u00f3n ambiental en las ciudades es debida en gran medida al tr\u00e1fico urbano. \u00bfSe han hecho an\u00e1lisis sobre la movilidad de la ciudad?<\/strong><\/p><p class='parrafocount'><p class='parrafocount'>-Uno de los temas recurrentes cuando se habla de movilidad es la necesidad de fomentar el transporte p\u00fablico y los medios no contaminantes como la bicicleta. Desde la c\u00e1tedra se han analizado tambi\u00e9n los datos de uso del carril bici desde 2012 hasta la actualidad, y se ha proporcionado una herramienta de visualizaci\u00f3n de su evoluci\u00f3n. Se puede comprobar aqu\u00ed las intensidades de tr\u00e1fico en tiempo real en los carriles bici, y tambi\u00e9n una interfaz donde se puede visualizar de forma detalla el hist\u00f3rico de uso atendiendo a diferentes variables tales como horas del d\u00eda, d\u00edas de la semana, meses del a\u00f1o. Un an\u00e1lisis interesante tambi\u00e9n son las zonas que mayor concentraci\u00f3n de uso de bicicleta registran, lo cual puede servir como herramienta de ayuda a la hora de decidir en qu\u00e9 zonas es necesario ampliar la infraestructura.<\/p><p class='parrafocount'><p class='parrafocount'><strong>-\u00bfQu\u00e9 actividades tiene previstas la c\u00e1tedra para los pr\u00f3ximos meses?<\/strong><\/p><p class='parrafocount'><p class='parrafocount'>-La pr\u00f3xima actividad de la c\u00e1tedra, al igual que otros a\u00f1os por estas fechas, ser\u00e1 la participaci\u00f3n en la organizaci\u00f3n del pr\u00f3ximo evento Databeers en Valencia, donde se divulgar\u00e1n algunos de los trabajos hechos y se trataran temas afines a la c\u00e1tedra. Adem\u00e1s, para el pr\u00f3ximo a\u00f1o tenemos previsto explorar el uso de herramientas de IA como el chatGPT integrados con herramientas de an\u00e1lisis y visualizaci\u00f3n de datos.<\/p>[\/vc_column][\/vc_row][vc_row el_class=\u00bbcol-1-1 tablet-col-1-1&#8243;][vc_column el_class=\u00bbcol-1-1 tablet-col-1-1&#8243;]\n        <div class='bloque'>\n         <div class='compartir'><p>Compartir<\/p><ul>\n                <li class='facebook'>\n                            <a href='https:\/\/www.facebook.com\/sharer\/sharer.php?u=https:\/\/lasprovincias.es\/content-local\/la-catedra-ia-vis-y-la-capitalidad-verde-de-valencia\/' class='bcl-compartir-fb' target='_blank' title='Compartelo en Facebook' rel='nofollow'>\n                        <i class='facebook'><\/i>\n                    <\/a>\n                <\/li><li class='twitter'>\n                    <a href='https:\/\/twitter.com\/intent\/tweet?text=https:\/\/lasprovincias.es\/content-local\/la-catedra-ia-vis-y-la-capitalidad-verde-de-valencia\/' class='bcl-compartir-tw twitter' target='_blank' title='Compartelo en Twitter' rel='nofollow'>\n                        <i class='twitter'><\/i>\n                    <\/a>\n                <\/li><li class='whatsapp'>\n                    <a href='whatsapp:\/\/send?text=https:\/\/lasprovincias.es\/content-local\/la-catedra-ia-vis-y-la-capitalidad-verde-de-valencia\/' class='whatsapp' target='_blank' title='Compartelo en whatsapp' rel='nofollow'>\n                        <i class='whatsapp'><\/i>\n                    <\/a>\n                <\/li>\n                   <\/ul><\/div>\n        <div class='pie-ad '>\n            <p>Este contenido ha sido desarrollado por <b>Content Factory, la unidad de contenidos de marca de Vocento,<\/b><span style=\"font-weight: 400\"> con <\/span><b>CLIENTE<\/b><span style=\"font-weight: 400\">. En su elaboraci\u00f3n no ha intervenido la redacci\u00f3n de este medio.<\/p>\n        <\/div><\/div>[\/vc_column][\/vc_row][vc_row][vc_column][vc_column_text][\/vc_column_text][\/vc_column][\/vc_row][vc_row][vc_column][vc_column_text]<\/span>[\/vc_column_text][\/vc_column][\/vc_row]<\/p>\n","protected":false},"excerpt":{"rendered":"<p>[vc_row][vc_column][vc_column_text][\/vc_column_text][\/vc_column][\/vc_row][vc_row el_class=\u00bbcol-1-1 tablet-col-1-1&#8243;][vc_column el_class=\u00bbcol-1-1 tablet-col-1-1&#8243;][\/vc_column][\/vc_row][vc_row centrar=\u00bbtrue\u00bb el_class=\u00bbgrid grid-pad\u00bb][vc_column el_class=\u00bbcol-1-1 tablet-col-1-1&#8243;][\/vc_column][\/vc_row][vc_row centrar=\u00bbtrue\u00bb el_class=\u00bbgrid grid-pad\u00bb][vc_column el_class=\u00bbcol-10-12 tablet-col-1-1&#8243;][vc_single_image image=\u00bb115479&#8243; img_size=\u00bblarge\u00bb][\/vc_column][\/vc_row][vc_row el_class=\u00bbcol-1-1 tablet-col-1-1&#8243;][vc_column el_class=\u00bbcol-1-1 tablet-col-1-1&#8243;][\/vc_column][\/vc_row][vc_row][vc_column][vc_column_text][\/vc_column_text][\/vc_column][\/vc_row][vc_row][vc_column][vc_column_text][\/vc_column_text][\/vc_column][\/vc_row]<\/p>\n","protected":false},"author":21,"featured_media":0,"comment_status":"closed","ping_status":"closed","sticky":false,"template":"","format":"standard","meta":[],"categories":[1],"tags":[2190],"acf":[],"_links":{"self":[{"href":"\/content-local\/wp-json\/wp\/v2\/posts\/115201"}],"collection":[{"href":"\/content-local\/wp-json\/wp\/v2\/posts"}],"about":[{"href":"\/content-local\/wp-json\/wp\/v2\/types\/post"}],"author":[{"embeddable":true,"href":"\/content-local\/wp-json\/wp\/v2\/users\/21"}],"replies":[{"embeddable":true,"href":"\/content-local\/wp-json\/wp\/v2\/comments?post=115201"}],"version-history":[{"count":3,"href":"\/content-local\/wp-json\/wp\/v2\/posts\/115201\/revisions"}],"predecessor-version":[{"id":115480,"href":"\/content-local\/wp-json\/wp\/v2\/posts\/115201\/revisions\/115480"}],"wp:attachment":[{"href":"\/content-local\/wp-json\/wp\/v2\/media?parent=115201"}],"wp:term":[{"taxonomy":"category","embeddable":true,"href":"\/content-local\/wp-json\/wp\/v2\/categories?post=115201"},{"taxonomy":"post_tag","embeddable":true,"href":"\/content-local\/wp-json\/wp\/v2\/tags?post=115201"}],"curies":[{"name":"wp","href":"https:\/\/api.w.org\/{rel}","templated":true}]}}