
{"id":115138,"date":"2024-12-03T10:29:29","date_gmt":"2024-12-03T09:29:29","guid":{"rendered":"https:\/\/ms-contentfactory.srv.vocento.in\/contentfactorylocal\/?p=115138"},"modified":"2024-12-03T10:29:29","modified_gmt":"2024-12-03T09:29:29","slug":"hoy-la-catedra-es-conocida-apreciada-y-sigue-siendo-diferenciadora","status":"publish","type":"post","link":"\/content-local\/hoy-la-catedra-es-conocida-apreciada-y-sigue-siendo-diferenciadora\/","title":{"rendered":"\u00abHoy la C\u00e1tedra es conocida, apreciada y sigue siendo diferenciadora\u00bb"},"content":{"rendered":"<p>[vc_row el_class=\u00bbcol-1-1 tablet-col-1-1&#8243;][vc_column el_class=\u00bbcol-1-1 tablet-col-1-1&#8243;]\n        <div class='fullimg principal'>\n            <div class='tituloemergente'>\n                <div class='grid grid-pad'>\n                    <a class='open-btn close-nav quees' href=''>\n                        <span class='p-content'>ADEIT<\/span>\n                    <\/a>\n                    <h1><strong>\u00abHoy la C\u00e1tedra es conocida, apreciada y sigue siendo diferenciadora\u00bb<\/strong><p><\/p>\n<p style=\"text-align: left\" align=\"justify\">Carlos Pascual, presidente de la C\u00e1tedra de Cultura Empresarial de la UV<\/p>\n<p><\/p><\/h1>\n                <\/div>\n            <\/div>\n        <figure class='videoPrincipal'><img src='\/content-local\/wp-content\/uploads\/sites\/10\/2024\/12\/ADEIT.png'><\/figure><\/div>[\/vc_column][\/vc_row][vc_row centrar=\u00bbtrue\u00bb el_class=\u00bbgrid grid-pad\u00bb][vc_column el_class=\u00bbcol-1-1 tablet-col-1-1&#8243;]<div class='firmaRRSS '>\n       <div class='info'><address class='firmaAutor' data-autor='EXTRA'> EXTRA<\/address><time class='publicacion'>\n         3 diciembre, 2024 - 10:29<\/time><\/div>\n           <div class='compartir'><p>Compartir<\/p><ul>\n                <li class='facebook'>\n                            <a href='https:\/\/www.facebook.com\/sharer\/sharer.php?u=https:\/\/lasprovincias.es\/content-local\/hoy-la-catedra-es-conocida-apreciada-y-sigue-siendo-diferenciadora\/' class='bcl-compartir-fb' data-voc-vtm-id='compartirrrss' data-voc-vtm-info='facebook' target='_blank' title='Compartelo en Facebook' rel='nofollow'>\n                        <i class='facebook'><\/i>\n                    <\/a>\n                <\/li><li class='twitter'>\n                    <a href='https:\/\/twitter.com\/intent\/tweet?text=https:\/\/lasprovincias.es\/content-local\/hoy-la-catedra-es-conocida-apreciada-y-sigue-siendo-diferenciadora\/' class='bcl-compartir-tw twitter' data-voc-vtm-id='compartirrrss' data-voc-vtm-info='twitter' target='_blank' title='Compartelo en Twitter' rel='nofollow'>\n                        <i class='twitter'><\/i>\n                    <\/a>\n                <\/li><li class='whatsapp'>\n                    <a href='whatsapp:\/\/send?text=https:\/\/lasprovincias.es\/content-local\/hoy-la-catedra-es-conocida-apreciada-y-sigue-siendo-diferenciadora\/' data-voc-vtm-id='compartirrrss' data-voc-vtm-info='whatsapp' class='whatsapp' target='_blank' title='Compartelo en whatsapp' rel='nofollow'>\n                        <i class='whatsapp'><\/i>\n                    <\/a>\n                <\/li>\n    \n    <\/ul><\/div><\/div>[\/vc_column][\/vc_row][vc_row centrar=\u00bbtrue\u00bb el_class=\u00bbgrid grid-pad\u00bb][vc_column el_class=\u00bbcol-10-12 tablet-col-1-1&#8243;]<p class=\"parrafocount\">La <a href=\"https:\/\/catedraculturaempresarial.adeituv.es\/\" target=\"_blank\" rel=\"noopener\"><u>C\u00e1<\/u><u>tedra de Cultura Empresarial <\/u><\/a>est\u00e1 acogida en el marco de la Fundaci\u00f3n Universidad-Empresa de Valencia, Adeit. Una c\u00e1tedra empresarial, no universitaria, afecta a la Universitat de Val\u00e8ncia que tiene por objetivo la transmisi\u00f3n de experiencia empresarial hacia el foro universitario y la inoculaci\u00f3n de la cultura empresarial en el colectivo universitario. Hablamos con su presidente Carlos Pascual.<\/p><p class='parrafocount'><p class='parrafocount'><strong>-\u00bfC\u00f3mo nace la C\u00e1tedra de Cultura Empresarial?<\/strong><\/p><p class='parrafocount'><p class='parrafocount'>-La C\u00e1tedra surge cuando yo era presidente del Consejo Social de la Universitat de Val\u00e8ncia y, con la obligaci\u00f3n de gestionar la aproximaci\u00f3n de la universidad al mundo de la empresa, nos dimos cuenta de que hab\u00eda un gran distanciamiento entre ellas incluso tenso, inc\u00f3modo. Y, sobre todo, que los alumnos estaban muy alejados del emprendimiento. Entendimos que una de las mejores maneras de conseguir esa aproximaci\u00f3n era logrando que los empresarios, como personas f\u00edsicas, entraran en contacto directo con los alumnos y les explicaran cu\u00e1l hab\u00eda sido su trayectoria personal y empresarial, les hablaran de sus esfuerzos, de sus \u00e9xitos, fracasos, de lo que para ellos supon\u00eda su empresa.<\/p><p class='parrafocount'><p class='parrafocount'><strong>-\u00bfA qu\u00e9 retos tuvieron que hacer frente en los primeros a\u00f1os? \u00bfQu\u00e9 destacar\u00eda de aquella \u00e9poca?<\/strong><\/p><p class='parrafocount'><p class='parrafocount'>-Los retos estaban fuera de la C\u00e1tedra. Estaban en la sociedad, en una universidad muy politizada en fricci\u00f3n con el poder p\u00fablico que adeudaba a sus universidades una gran cantidad y esa deuda no se regularizaba. Pero la C\u00e1tedra en s\u00ed misma funcion\u00f3 muy bien desde el principio: tanto los alumnos como los empresarios mostraron mucha empat\u00eda. El empresariado mostr\u00f3 desde el principio mucha predisposici\u00f3n, entrega y generosidad. No solo por las aportaciones econ\u00f3micas para el mantenimiento de la C\u00e1tedra, sino por el tiempo que los empresarios dedican en su tarea de transmitir a los alumnos la pasi\u00f3n por la empresa.<\/p><p class='parrafocount'><p class='parrafocount'><strong>-\u00bfC\u00f3mo se ha ido adaptando la C\u00e1tedra a los cambios de la sociedad y el estudiantado?<\/strong><\/p><p class='parrafocount'><p class='parrafocount'>-Creciendo. En principio los empresarios que formaban parte de la C\u00e1tedra, los patronos, eran en torno a 20. Conforme fue creciendo decidimos que fueran unos 50 y no m\u00e1s porque la clave es que todos los que formen parte de la C\u00e1tedra se impliquen y participen en las actividades. Y de hecho as\u00ed es: de los 50 empresarios con los que cuenta el patronato unos 43 han participado activamente este a\u00f1o.<\/p><p class='parrafocount'><p class='parrafocount'><strong>-\u00bfC\u00f3mo valora el apoyo que ha dado la Universitat de Val\u00e8ncia a esta C\u00e1tedra?<\/strong><\/p><p class='parrafocount'><p class='parrafocount'>-Muy positivamente. La C\u00e1tedra es un movimiento precursor, muy innovador. No es habitual que un grupo de empresarios est\u00e9 implicado en una fundaci\u00f3n de una universidad. Y eso la Universitat de Val\u00e8ncia lo sabe apreciar muy bien.<\/p><p class='parrafocount'><p class='parrafocount'><strong>-El papel y la implicaci\u00f3n de los empresarios ha sido fundamental para \u00e9xito de la C\u00e1tedra. \u00bfPor qu\u00e9 han encajado tan bien en ella?<\/strong><\/p><p class='parrafocount'><p class='parrafocount'>-Valencia tiene un lujo del que no somos conscientes que es que el empresariado valenciano en general es muy personal. As\u00ed como en otros territorios como Madrid o Barcelona las empresas est\u00e1n dirigidas por ejecutivos, aqu\u00ed el empresario como persona f\u00edsica tiene mucha participaci\u00f3n y relevancia. Eso hace que los profesores sean los propios titulares de las empresas. Adem\u00e1s, la docencia en general produce un gran placer para el que ense\u00f1a, y los alumnos por su parte muestran un reconocimiento y agradecimiento que el empresario percibe con satisfacci\u00f3n.<\/p><p class='parrafocount'><p class='parrafocount'><strong>-\u00bfQu\u00e9 caracter\u00edsticas comunes tienen los empresarios de la C\u00e1tedra?<\/strong><\/p><p class='parrafocount'><p class='parrafocount'>-Su modo de entender la empresa como agente social relevante, y su propia responsabilidad social corporativa como empresario. Los sectores en los que operan son muy diversos, pero el grupo de empresarios de la C\u00e1tedra cuenta ya con una identidad propia.<\/p><p class='parrafocount'><p class='parrafocount'><strong>-\u00bfQu\u00e9 valor diferencial ofrecen a los alumnos los programas de la C\u00e1tedra?<\/strong><\/p><p class='parrafocount'><p class='parrafocount'>-Cuando la C\u00e1tedra surge exist\u00edan los cr\u00e9ditos de libre elecci\u00f3n y la C\u00e1tedra contaba con siete cr\u00e9ditos de este tipo lo cual era muy atractivo, pero eso se suprimi\u00f3. Ahora todos los alumnos que participan en los cursos lo hacen porque conocen el prestigio y la reputaci\u00f3n con la que cuenta la C\u00e1tedra. Adem\u00e1s, acceden alumnos de todos los \u00e1mbitos docentes porque partimos de la base de que se puede emprender desde cualquier \u00e1rea de conocimiento: un fil\u00f3sofo, un m\u00e9dico, un veterinario o un abogado pueden crear una empresa.<\/p><p class='parrafocount'><p class='parrafocount'><strong>-El programa estrella es <a href=\"https:\/\/catedraculturaempresarial.adeituv.es\/quipotserempresari\/\" target=\"_blank\" rel=\"noopener\"><u>\u2018<\/u><u>Qui pot ser empresari?<\/u><u>\u2019<\/u><\/a>, \u00bfqu\u00e9 destacar\u00eda de \u00e9l?<\/strong><\/p><p class='parrafocount'><p class='parrafocount'>-Destacar\u00eda su consolidaci\u00f3n como producto estrella que ha arrastrado a todo lo dem\u00e1s y que es la g\u00e9nesis de todo lo que hacemos. Todos los dem\u00e1s proyectos no dejan de tener la misma misi\u00f3n esencial: la de conectar a los dos mundos -universidad y empresa- y, sobre todo, generar, favorecer y promover la vocaci\u00f3n empresarial cuando a\u00fan el alumno no ha salido de la universidad. Aunque tenemos tambi\u00e9n alg\u00fan alumno de doctorado. Todo ello de manera gratuita y con la marca de la Universitat de Val\u00e8ncia que tiene mucho prestigio..<\/p><p class='parrafocount'><p class='parrafocount'><strong>-\u00bfC\u00f3mo se comportan los empresarios con el estudiantado? \u00bfQu\u00e9 tipo de relaci\u00f3n establecen?<\/strong><\/p><p class='parrafocount'><p class='parrafocount'>-Es una relaci\u00f3n muy personal, directa y de mucha naturalidad. Por ejemplo, en programas como el de mentorizaci\u00f3n se produce muy habitualmente una conexi\u00f3n duradera entre el mentor y el alumno que para ser mentorizado debe tener ya en marcha una empresa por peque\u00f1a que sea, con facturaci\u00f3n.<\/p><p class='parrafocount'><p class='parrafocount'><strong>-En 2012 nace<u><a href=\"https:\/\/catedraculturaempresarial.adeituv.es\/alumni\/\" target=\"_blank\" rel=\"noopener\"> Alumni CCE<\/a><\/u>, \u00bfpor qu\u00e9 surge esto? \u00bfqu\u00e9 se realiza en el marco de esta iniciativa?<\/strong><\/p><p class='parrafocount'><p class='parrafocount'>-Ya son m\u00e1s de 1.200 alumnos los que han pasado por la C\u00e1tedra durante estos 25 a\u00f1os, lo que representa una importante masa cr\u00edtica que la CCE deb\u00eda aglutinar y organizar. Esta asociaci\u00f3n est\u00e1 dirigida por ellos mismos, a trav\u00e9s de su propia junta directiva, y es muy importante para nosotros su existencia. En cierto modo es la acreditaci\u00f3n de que lo que hemos hecho ha valido la pena.<\/p><p class='parrafocount'><p class='parrafocount'><strong>-\u00bfQu\u00e9 balance hace de estos 25 a\u00f1os? \u00bfCu\u00e1l cree que ha sido la f\u00f3rmula del \u00e9xito?<\/strong><\/p><p class='parrafocount'><p class='parrafocount'>-El \u00e9xito se debe a una conjunci\u00f3n de cosas. La idea era buena y lo corrobora su arraigo de 25 a\u00f1os. Hoy en d\u00eda la C\u00e1tedra es conocida, apreciada y sigue siendo diferenciadora, adem\u00e1s de que no es f\u00e1cil replicarla. Muchas universidades lo han intentado y no lo han conseguido. La c\u00e1tedra conforma un grupo de empresarios consolidado, altruista e implicado en una serie de programas de aproximaci\u00f3n del mundo de la empresa a los alumnos interesados de la Universitat de Val\u00e8ncia para convencerles de que pueden emprender y ayudarles en sus primeros pasos. Y se predica con el ejemplo. Grandes empresarios valencianos que dedican su tiempo y su ilusi\u00f3n a transmitir vocaci\u00f3n empresarial.<\/p><p class='parrafocount'><p class='parrafocount'><strong>-Pasados 25 a\u00f1os, \u00bfqu\u00e9 retos de futuro se plantea la C\u00e1tedra?<\/strong><\/p><p class='parrafocount'><p class='parrafocount'>-Todo aniversario sirve desde luego para celebrar lo conseguido, pero tambi\u00e9n para revisar cr\u00edticamente y darte cuenta de que aun estando en un buen camino y con un buen proyecto, debemos adaptarnos a las nuevas circunstancias, algo que estamos haciendo constantemente modificando algunos programas y creando nuevos en funci\u00f3n del paso del tiempo y sus nuevas exigencias. Y por qu\u00e9 negarlo, la celebraci\u00f3n sirve tambi\u00e9n para comunicar, para que se sepa lo que hacemos y generar un mayor inter\u00e9s por la C\u00e1tedra.<\/p>[\/vc_column][\/vc_row][vc_row el_class=\u00bbcol-1-1 tablet-col-1-1&#8243;][vc_column el_class=\u00bbcol-1-1 tablet-col-1-1&#8243;]\n        <div class='bloque'>\n         <div class='compartir'><p>Compartir<\/p><ul>\n                <li class='facebook'>\n                            <a href='https:\/\/www.facebook.com\/sharer\/sharer.php?u=https:\/\/lasprovincias.es\/content-local\/hoy-la-catedra-es-conocida-apreciada-y-sigue-siendo-diferenciadora\/' class='bcl-compartir-fb' target='_blank' title='Compartelo en Facebook' rel='nofollow'>\n                        <i class='facebook'><\/i>\n                    <\/a>\n                <\/li><li class='twitter'>\n                    <a href='https:\/\/twitter.com\/intent\/tweet?text=https:\/\/lasprovincias.es\/content-local\/hoy-la-catedra-es-conocida-apreciada-y-sigue-siendo-diferenciadora\/' class='bcl-compartir-tw twitter' target='_blank' title='Compartelo en Twitter' rel='nofollow'>\n                        <i class='twitter'><\/i>\n                    <\/a>\n                <\/li><li class='whatsapp'>\n                    <a href='whatsapp:\/\/send?text=https:\/\/lasprovincias.es\/content-local\/hoy-la-catedra-es-conocida-apreciada-y-sigue-siendo-diferenciadora\/' class='whatsapp' target='_blank' title='Compartelo en whatsapp' rel='nofollow'>\n                        <i class='whatsapp'><\/i>\n                    <\/a>\n                <\/li>\n                   <\/ul><\/div>\n        <div class='pie-ad '>\n            <p>Este contenido ha sido desarrollado por Content Factory, la unidad de contenidos de marca de Vocento, con CLIENTE. En su elaboraci\u00f3n no ha intervenido la redacci\u00f3n de este medio.<\/p>\n        <\/div><\/div>[\/vc_column][\/vc_row][vc_row][vc_column][vc_column_text][\/vc_column_text][\/vc_column][\/vc_row]<\/p>\n","protected":false},"excerpt":{"rendered":"<p>[vc_row el_class=\u00bbcol-1-1 tablet-col-1-1&#8243;][vc_column el_class=\u00bbcol-1-1 tablet-col-1-1&#8243;][\/vc_column][\/vc_row][vc_row centrar=\u00bbtrue\u00bb el_class=\u00bbgrid grid-pad\u00bb][vc_column el_class=\u00bbcol-1-1 tablet-col-1-1&#8243;][\/vc_column][\/vc_row][vc_row centrar=\u00bbtrue\u00bb el_class=\u00bbgrid grid-pad\u00bb][vc_column el_class=\u00bbcol-10-12 tablet-col-1-1&#8243;][\/vc_column][\/vc_row][vc_row el_class=\u00bbcol-1-1 tablet-col-1-1&#8243;][vc_column el_class=\u00bbcol-1-1 tablet-col-1-1&#8243;][\/vc_column][\/vc_row][vc_row][vc_column][vc_column_text][\/vc_column_text][\/vc_column][\/vc_row]<\/p>\n","protected":false},"author":21,"featured_media":0,"comment_status":"closed","ping_status":"closed","sticky":false,"template":"","format":"standard","meta":[],"categories":[1],"tags":[2190],"acf":[],"_links":{"self":[{"href":"\/content-local\/wp-json\/wp\/v2\/posts\/115138"}],"collection":[{"href":"\/content-local\/wp-json\/wp\/v2\/posts"}],"about":[{"href":"\/content-local\/wp-json\/wp\/v2\/types\/post"}],"author":[{"embeddable":true,"href":"\/content-local\/wp-json\/wp\/v2\/users\/21"}],"replies":[{"embeddable":true,"href":"\/content-local\/wp-json\/wp\/v2\/comments?post=115138"}],"version-history":[{"count":1,"href":"\/content-local\/wp-json\/wp\/v2\/posts\/115138\/revisions"}],"predecessor-version":[{"id":115150,"href":"\/content-local\/wp-json\/wp\/v2\/posts\/115138\/revisions\/115150"}],"wp:attachment":[{"href":"\/content-local\/wp-json\/wp\/v2\/media?parent=115138"}],"wp:term":[{"taxonomy":"category","embeddable":true,"href":"\/content-local\/wp-json\/wp\/v2\/categories?post=115138"},{"taxonomy":"post_tag","embeddable":true,"href":"\/content-local\/wp-json\/wp\/v2\/tags?post=115138"}],"curies":[{"name":"wp","href":"https:\/\/api.w.org\/{rel}","templated":true}]}}