
{"id":113012,"date":"2024-11-21T16:29:09","date_gmt":"2024-11-21T15:29:09","guid":{"rendered":"https:\/\/ms-contentfactory.srv.vocento.in\/contentfactorylocal\/?p=113012"},"modified":"2024-11-29T13:44:52","modified_gmt":"2024-11-29T12:44:52","slug":"el-futuro-energetico-pasa-por-la-diversificacion-y-la-innovacion","status":"publish","type":"post","link":"\/content-local\/el-futuro-energetico-pasa-por-la-diversificacion-y-la-innovacion\/","title":{"rendered":"\u00abEl futuro energ\u00e9tico pasa por la diversificaci\u00f3n y la innovaci\u00f3n\u00bb"},"content":{"rendered":"<p>[vc_row el_class=\u00bbcol-1-1 tablet-col-1-1&#8243;][vc_column el_class=\u00bbcol-1-1 tablet-col-1-1&#8243;]\n        <div class='fullimg principal'>\n            <div class='tituloemergente'>\n                <div class='grid grid-pad'>\n                    <a class='open-btn close-nav quees' href=''>\n                        <span class='p-content'>ABO ENERGY<\/span>\n                    <\/a>\n                    <h1><strong>\u201cEl futuro energ\u00e9tico pasa por la diversificaci\u00f3n y la innovaci\u00f3n\u201c<\/strong><p><\/p>\n<p align=\"justify\">Entrevista a Oscar Garc\u00eda, Managing Director de ABO Energy Espa\u00f1a<\/p>\n<p><\/p><\/h1>\n                <\/div>\n            <\/div>\n        <figure class='videoPrincipal'><img src='\/content-local\/wp-content\/uploads\/sites\/10\/2024\/11\/image-6.png'><\/figure><\/div>[\/vc_column][\/vc_row][vc_row centrar=\u00bbtrue\u00bb el_class=\u00bbgrid grid-pad\u00bb][vc_column el_class=\u00bbcol-1-1 tablet-col-1-1&#8243;]<div class='firmaRRSS '>\n       <div class='info'><address class='firmaAutor' data-autor='EXTRA'> EXTRA<\/address><time class='publicacion'>\n         21 noviembre, 2024 - 16:29<\/time><\/div>\n           <div class='compartir'><p>Compartir<\/p><ul>\n                <li class='facebook'>\n                            <a href='https:\/\/www.facebook.com\/sharer\/sharer.php?u=https:\/\/lasprovincias.es\/content-local\/el-futuro-energetico-pasa-por-la-diversificacion-y-la-innovacion\/' class='bcl-compartir-fb' data-voc-vtm-id='compartirrrss' data-voc-vtm-info='facebook' target='_blank' title='Compartelo en Facebook' rel='nofollow'>\n                        <i class='facebook'><\/i>\n                    <\/a>\n                <\/li><li class='twitter'>\n                    <a href='https:\/\/twitter.com\/intent\/tweet?text=https:\/\/lasprovincias.es\/content-local\/el-futuro-energetico-pasa-por-la-diversificacion-y-la-innovacion\/' class='bcl-compartir-tw twitter' data-voc-vtm-id='compartirrrss' data-voc-vtm-info='twitter' target='_blank' title='Compartelo en Twitter' rel='nofollow'>\n                        <i class='twitter'><\/i>\n                    <\/a>\n                <\/li><li class='whatsapp'>\n                    <a href='whatsapp:\/\/send?text=https:\/\/lasprovincias.es\/content-local\/el-futuro-energetico-pasa-por-la-diversificacion-y-la-innovacion\/' data-voc-vtm-id='compartirrrss' data-voc-vtm-info='whatsapp' class='whatsapp' target='_blank' title='Compartelo en whatsapp' rel='nofollow'>\n                        <i class='whatsapp'><\/i>\n                    <\/a>\n                <\/li>\n    \n    <\/ul><\/div><\/div>[\/vc_column][\/vc_row][vc_row centrar=\u00bbtrue\u00bb el_class=\u00bbgrid grid-pad\u00bb][vc_column el_class=\u00bbcol-10-12 tablet-col-1-1&#8243;]<p class=\"parrafocount\"><\/p><p class='parrafocount'><div><p class='parrafocount'><p class='parrafocount'><b>Oscar Garc\u00eda, Managing Director de <a href=\"https:\/\/www.aboenergy.com\/es\/\" target=\"_blank\" rel=\"nofollow noopener\">ABO Energy Espa\u00f1a<\/a>: \u00abEl futuro energ\u00e9tico pasa por la diversificaci\u00f3n y la innovaci\u00f3n\u00bb<\/b><\/p><p class='parrafocount'><p class='parrafocount'>Uno de los directores generales de ABO Energy en Espa\u00f1a, con oficinas centrales en Valencia, nos habla del cambio de nombre de la compa\u00f1\u00eda, su evoluci\u00f3n tras casi 25 a\u00f1os de actividad en el pa\u00eds, desarrollando proyectos e\u00f3licos y solares, y c\u00f3mo la apuesta por nuevas tecnolog\u00edas como el hidr\u00f3geno verde y el almacenamiento impulsan a\u00fan m\u00e1s la transici\u00f3n hacia un futuro sostenible.<\/p><p class='parrafocount'><p class='parrafocount'><b>-\u00bfPor qu\u00e9 ha cambiado el nombre de ABO Wind a ABO Energy?<\/b><\/p><p class='parrafocount'><p class='parrafocount'>-El cambio de nombre de ABO Wind a ABO Energy refleja la transformaci\u00f3n que hemos vivido como empresa. Aunque nuestro origen es la energ\u00eda e\u00f3lica, nuestra expansi\u00f3n hacia otras tecnolog\u00edas como la solar, el hidr\u00f3geno verde y el almacenamiento de energ\u00eda nos llev\u00f3 a adoptar un nombre que representara mejor nuestro alcance global y multidisciplinar. Adem\u00e1s, la empresa, de origen alem\u00e1n y con presencia en 16 pa\u00edses, implement\u00f3 este cambio de nombre de manera paulatina en todas sus filiales internacionales, incluida Espa\u00f1a.<\/p><p class='parrafocount'><p class='parrafocount'><b>-En casi 25 a\u00f1os en Espa\u00f1a, \u00bfc\u00f3mo ha evolucionado la situaci\u00f3n de las renovables? \u00bfY la compa\u00f1\u00eda?<\/b><\/p><p class='parrafocount'><p class='parrafocount'>-El mercado de energ\u00edas renovables en Espa\u00f1a ha tenido una transformaci\u00f3n impresionante en los \u00faltimos 25 a\u00f1os. En 2001, cuando comenzamos nuestras operaciones en el pa\u00eds, las renovables eran vistas como un complemento a las fuentes tradicionales de energ\u00eda. Hoy en d\u00eda, se han convertido en el eje central de la estrategia energ\u00e9tica nacional y europea. En estos a\u00f1os, Espa\u00f1a ha avanzado significativamente en el marco regulatorio, impulsado por las directivas de la Uni\u00f3n Europea, lo que ha facilitado el crecimiento de tecnolog\u00edas como la e\u00f3lica y la solar.<\/p><p class='parrafocount'><p class='parrafocount'>En ABO Energy, hemos crecido en paralelo, desde nuestras primeras instalaciones hasta convertirnos en una empresa relevante del sector en Espa\u00f1a, con una cartera diversificada de proyectos e\u00f3licos, solares, de almacenamiento, h\u00edbridos y los primeros pasos en proyectos de hidr\u00f3geno verde. Este crecimiento refleja no solo la maduraci\u00f3n del mercado, sino nuestra capacidad de adaptaci\u00f3n e innovaci\u00f3n.<\/p><p class='parrafocount'><p class='parrafocount'><b>-Est\u00e1is construyendo un parque solar de 50 MWp en Yebra (Castilla-La Mancha), el primero que la empresa ha construido en Espa\u00f1a y donde tambi\u00e9n tiene previsto gestionar la operaci\u00f3n y mantenimiento. \u00bfCu\u00e1l es la importancia de este proyecto para la empresa?<\/b><\/p><p class='parrafocount'><p class='parrafocount'>-El parque solar Valdezorita, ubicado en Yebra, Castilla-La Mancha, tiene un valor estrat\u00e9gico especial para ABO Energy, ya que es el primer proyecto solar que construimos completamente nosotros en Espa\u00f1a y, adem\u00e1s, gestionaremos, al menos en sus etapas iniciales, su operaci\u00f3n y mantenimiento. Este proyecto marca nuestra entrada en el sector de Operaci\u00f3n y Mantenimiento (O&amp;M) en el pa\u00eds, un \u00e1rea en la que ABO Energy ya tiene una s\u00f3lida trayectoria internacional, con m\u00e1s de 1,8 GW gestionados en nueve pa\u00edses.<\/p><p class='parrafocount'><p class='parrafocount'>La planta situada en Yebra no solo fortalece nuestra presencia en Espa\u00f1a, sino que tambi\u00e9n refuerza nuestra capacidad para ofrecer soluciones llave en mano. Adem\u00e1s, al gestionar directamente la operaci\u00f3n y el mantenimiento, podemos garantizar la eficiencia operativa y la sostenibilidad de la planta a largo plazo.<\/p><p class='parrafocount'><p class='parrafocount'><b>-\u00bfQu\u00e9 otros proyectos ten\u00e9is en marcha en el pa\u00eds?<\/b><\/p><p class='parrafocount'><p class='parrafocount'><b><\/b>-Estamos llevando a cabo una serie de proyectos en diferentes etapas de desarrollo. Adicional a la planta solar de Yebra, contamos con importantes iniciativas e\u00f3licas e h\u00edbridas en Castilla y Le\u00f3n y otras regiones de Espa\u00f1a, as\u00ed como proyectos de almacenamiento de energ\u00eda distribuidos por el pa\u00eds. Es importante destacar que hemos ido fortaleciendo nuestra presencia en la Comunidad Valenciana, donde estamos desarrollando proyectos de tecnolog\u00eda fotovoltaica que suman una capacidad de alrededor de 50 MW. Hay que mencionar tambi\u00e9n que estamos avanzando en proyectos piloto de hidr\u00f3geno verde en colaboraci\u00f3n con otros actores del sector.<\/p><p class='parrafocount'><p class='parrafocount'><b>-Con respecto a los proyectos de hidr\u00f3geno verde, \u00bfpasa el futuro de la energ\u00eda por ah\u00ed? \u00bfQu\u00e9 est\u00e1is haciendo?<\/b><\/p><p class='parrafocount'><p class='parrafocount'>-Sin duda, el hidr\u00f3geno verde es clave para la transici\u00f3n energ\u00e9tica global, especialmente en sectores dif\u00edciles de descarbonizar como la aviaci\u00f3n, el transporte mar\u00edtimo y la industria pesada. Seg\u00fan la Agencia Internacional de Energ\u00edas Renovables (IRENA), el hidr\u00f3geno podr\u00eda cubrir hasta el 12% del uso mundial de energ\u00eda para 2050, impulsando adem\u00e1s la competitividad econ\u00f3mica. Su capacidad para actuar como materia prima en la industria qu\u00edmica, petroqu\u00edmica y metal\u00fargica, as\u00ed como para almacenar energ\u00eda, lo convierte en una soluci\u00f3n viable para reducir las emisiones de carbono y estabilizar las redes el\u00e9ctricas.<\/p><p class='parrafocount'><\/div><p class='parrafocount'><div><\/div><p class='parrafocount'><p class='parrafocount'><\/p>[vc_single_image image=\u00bb113956&#8243; img_size=\u00bblarge\u00bb]<p class=\"parrafocount\"><\/p><p class='parrafocount'><div><p class='parrafocount'><h5>Parque fotovoltaico Valdezorita<\/h5><p class='parrafocount'><p class='parrafocount'>En ABO Energy Espa\u00f1a, estamos comenzando a desarrollar proyectos de esta tecnolog\u00eda, utilizando nuestra experiencia en energ\u00edas renovables como la solar y la e\u00f3lica para producir hidr\u00f3geno verde de manera eficiente.<\/p><p class='parrafocount'><p class='parrafocount'><b>-\u00bfCu\u00e1les son vuestros valores diferenciales como empresa?<\/b><br \/><p class='parrafocount'>-Nuestro principal valor diferencial es nuestra \u00e9tica y respeto dentro del sector, con los partners y con nuestro equipo humano, sin duda piezas claves de nuestro \u00e9xito. Sumado a esto, y no menos importante es nuestra experiencia y especializaci\u00f3n en energ\u00edas renovables. Con casi 30 a\u00f1os en el sector, contamos con una ventaja competitiva en t\u00e9rminos de conocimiento y capacidad t\u00e9cnica. En ABO Energy, ofrecemos soluciones flexibles en cualquier etapa de la cadena de valor de los proyectos, siempre con un enfoque creativo que nos permite adaptarnos al mercado y a las necesidades del entorno. Esto es posible gracias a nuestro talentoso equipo humano, pilar fundamental de la compa\u00f1\u00eda.<br \/><p class='parrafocount'>Otro valor importante es nuestro compromiso con la sostenibilidad y la descarbonizaci\u00f3n. No solo desarrollamos proyectos renovables, sino que tambi\u00e9n buscamos tener un impacto positivo en las comunidades donde operamos.<br \/><p class='parrafocount'><b>-Hay que avanzar en la transici\u00f3n energ\u00e9tica, pero las moratorias para la instalaci\u00f3n de energ\u00edas renovables, la lentitud de la administraci\u00f3n en aprobar expedientes, la oposici\u00f3n de algunas asociaciones o la suspensi\u00f3n de licencias en municipios son algunas de las trabas con las que se encuentra el sector. \u00bfC\u00f3mo les hac\u00e9is frente desde ABO Energy?<\/b><\/p><p class='parrafocount'><p class='parrafocount'>-La transici\u00f3n energ\u00e9tica es un proceso complejo, y efectivamente, existen muchos desaf\u00edos regulatorios y sociales. En ABO Energy, nuestra estrategia es ser proactivos y trabajar en estrecha colaboraci\u00f3n con todas las partes interesadas, desde las administraciones p\u00fablicas hasta las comunidades locales, incluso con otros players que puedan compartir nuestra filosof\u00eda, en pro del beneficio com\u00fan, con los objetivos marcados para ayudar en esta transici\u00f3n energ\u00e9tica. Nos esforzamos por cumplir con todos los requisitos normativos y, al mismo tiempo, mantenemos un di\u00e1logo abierto con los actores clave para superar las barreras que se presentan. Tambi\u00e9n invertimos en tecnolog\u00eda y en soluciones que minimicen el impacto ambiental de nuestros proyectos, lo que ayuda a mitigar las preocupaciones de algunas asociaciones o grupos locales. A largo plazo, creemos que la educaci\u00f3n y la sensibilizaci\u00f3n sobre los beneficios de las energ\u00edas renovables son clave para ganar el apoyo necesario.<\/p><p class='parrafocount'><p class='parrafocount'><b>-\u00bfC\u00f3mo veis el futuro de las energ\u00edas renovables y cu\u00e1l es el papel de ABO Energy en esa transformaci\u00f3n?<\/b><\/p><p class='parrafocount'><p class='parrafocount'>-El futuro de las energ\u00edas renovables es muy prometedor, y en ABO Energy estamos convencidos de que representan el camino m\u00e1s sostenible para el planeta. Nos llena de orgullo lo que hemos logrado hasta ahora, pero estamos muy motivados por todo lo que a\u00fan podemos alcanzar. Tecnolog\u00edas como el hidr\u00f3geno verde y el almacenamiento de energ\u00eda ser\u00e1n fundamentales para completar la transici\u00f3n energ\u00e9tica, y seguimos comprometidos a ser un referente en esta transformaci\u00f3n, tanto en Espa\u00f1a como a nivel internacional.<\/p><p class='parrafocount'><p class='parrafocount'>Todo el equipo de ABO Energy comparte esta visi\u00f3n, y continuaremos avanzando con determinaci\u00f3n y orgullo hacia un mundo m\u00e1s limpio y sostenible.<\/p><p class='parrafocount'><\/div><p class='parrafocount'><p class='parrafocount'><\/p>[\/vc_column][\/vc_row][vc_row el_class=\u00bbcol-1-1 tablet-col-1-1&#8243;][vc_column el_class=\u00bbcol-1-1 tablet-col-1-1&#8243;]\n        <div class='bloque'>\n         <div class='compartir'><p>Compartir<\/p><ul>\n                <li class='facebook'>\n                            <a href='https:\/\/www.facebook.com\/sharer\/sharer.php?u=https:\/\/lasprovincias.es\/content-local\/el-futuro-energetico-pasa-por-la-diversificacion-y-la-innovacion\/' class='bcl-compartir-fb' target='_blank' title='Compartelo en Facebook' rel='nofollow'>\n                        <i class='facebook'><\/i>\n                    <\/a>\n                <\/li><li class='twitter'>\n                    <a href='https:\/\/twitter.com\/intent\/tweet?text=https:\/\/lasprovincias.es\/content-local\/el-futuro-energetico-pasa-por-la-diversificacion-y-la-innovacion\/' class='bcl-compartir-tw twitter' target='_blank' title='Compartelo en Twitter' rel='nofollow'>\n                        <i class='twitter'><\/i>\n                    <\/a>\n                <\/li><li class='whatsapp'>\n                    <a href='whatsapp:\/\/send?text=https:\/\/lasprovincias.es\/content-local\/el-futuro-energetico-pasa-por-la-diversificacion-y-la-innovacion\/' class='whatsapp' target='_blank' title='Compartelo en whatsapp' rel='nofollow'>\n                        <i class='whatsapp'><\/i>\n                    <\/a>\n                <\/li>\n                   <\/ul><\/div>\n        <div class='pie-ad '>\n            <p>Este contenido ha sido desarrollado por <strong>Content Factory, la unidad de contenidos de marca de Vocento,<\/strong> con <strong> CLIENTE<\/strong>. En su elaboraci\u00f3n no ha intervenido la redacci\u00f3n de este medio.<\/p>\n        <\/div><\/div>[\/vc_column][\/vc_row]<\/p>\n","protected":false},"excerpt":{"rendered":"<p>[vc_row el_class=\u00bbcol-1-1 tablet-col-1-1&#8243;][vc_column el_class=\u00bbcol-1-1 tablet-col-1-1&#8243;][\/vc_column][\/vc_row][vc_row centrar=\u00bbtrue\u00bb el_class=\u00bbgrid grid-pad\u00bb][vc_column el_class=\u00bbcol-1-1 tablet-col-1-1&#8243;][\/vc_column][\/vc_row][vc_row centrar=\u00bbtrue\u00bb el_class=\u00bbgrid grid-pad\u00bb][vc_column el_class=\u00bbcol-10-12 tablet-col-1-1&#8243;][vc_single_image image=\u00bb113956&#8243; img_size=\u00bblarge\u00bb][\/vc_column][\/vc_row][vc_row el_class=\u00bbcol-1-1 tablet-col-1-1&#8243;][vc_column el_class=\u00bbcol-1-1 tablet-col-1-1&#8243;][\/vc_column][\/vc_row]<\/p>\n","protected":false},"author":21,"featured_media":0,"comment_status":"closed","ping_status":"closed","sticky":false,"template":"","format":"standard","meta":[],"categories":[1],"tags":[2150],"acf":[],"_links":{"self":[{"href":"\/content-local\/wp-json\/wp\/v2\/posts\/113012"}],"collection":[{"href":"\/content-local\/wp-json\/wp\/v2\/posts"}],"about":[{"href":"\/content-local\/wp-json\/wp\/v2\/types\/post"}],"author":[{"embeddable":true,"href":"\/content-local\/wp-json\/wp\/v2\/users\/21"}],"replies":[{"embeddable":true,"href":"\/content-local\/wp-json\/wp\/v2\/comments?post=113012"}],"version-history":[{"count":13,"href":"\/content-local\/wp-json\/wp\/v2\/posts\/113012\/revisions"}],"predecessor-version":[{"id":114813,"href":"\/content-local\/wp-json\/wp\/v2\/posts\/113012\/revisions\/114813"}],"wp:attachment":[{"href":"\/content-local\/wp-json\/wp\/v2\/media?parent=113012"}],"wp:term":[{"taxonomy":"category","embeddable":true,"href":"\/content-local\/wp-json\/wp\/v2\/categories?post=113012"},{"taxonomy":"post_tag","embeddable":true,"href":"\/content-local\/wp-json\/wp\/v2\/tags?post=113012"}],"curies":[{"name":"wp","href":"https:\/\/api.w.org\/{rel}","templated":true}]}}